{"id":166268,"date":"2020-08-07T06:00:33","date_gmt":"2020-08-07T09:00:33","guid":{"rendered":"https:\/\/diarioregionaldigital.com.br\/?p=166268"},"modified":"2020-08-07T00:09:18","modified_gmt":"2020-08-07T03:09:18","slug":"prefeitura-municipal-de-descoberto-1-extrato-07-08-2020","status":"publish","type":"post","link":"https:\/\/diarioregionaldigital.com.br\/?p=166268","title":{"rendered":"Prefeitura Municipal de Descoberto 1 &#8211;  Extrato &#8211; 07\/08\/2020"},"content":{"rendered":"<p style=\"text-align: center;\"><strong>EXTRATO DE CONTRATO<\/strong><\/p>\n<p style=\"text-align: center;\">Pref. Municipal de Descoberto x Cooperativa de Cr\u00e9dito de Livre Admiss\u00e3o da Mata Mineira Ltda Sicoob Credimata &#8211; Objeto: Contrata\u00e7\u00e3o de institui\u00e7\u00e3o financeira para operar, pelo per\u00edodo de um ano, a gest\u00e3o da folha de pagamento dos servidores ativos, efetivos, contratados e comissionados da Prefeitura de Descoberto em car\u00e1ter de exclusividade com valor calculado por folha \u00a0&#8211; Fundamento: Dispensa 004\/2020- Valor Total\/Estimado: 7.980,00 \u2013 Vig\u00eancia: 12 meses -Dot or\u00e7: 02.02003.04.122.0002.255-339039\/100- Ass: 07\/08\/2020 &#8211; Foro: S\u00e3o Jo\u00e3o Nepomuceno\/MG.<\/p>\n<p style=\"text-align: center;\"><strong>Marcos de Ara\u00fajo Lima<\/strong><\/p>\n<p style=\"text-align: center;\"><strong>Prefeito Municipal<\/strong><\/p>\n","protected":false},"excerpt":{"rendered":"<p>EXTRATO DE CONTRATO Pref. Municipal de Descoberto x Cooperativa de Cr\u00e9dito de Livre Admiss\u00e3o da Mata Mineira Ltda Sicoob Credimata &#8211; Objeto: Contrata\u00e7\u00e3o de institui\u00e7\u00e3o financeira para operar, pelo per\u00edodo de um ano, a gest\u00e3o da folha de pagamento dos servidores ativos, efetivos, contratados e comissionados da Prefeitura de Descoberto em car\u00e1ter de exclusividade com [&hellip;]<\/p>\n","protected":false},"author":96,"featured_media":0,"comment_status":"closed","ping_status":"closed","sticky":false,"template":"","format":"standard","meta":{"footnotes":""},"categories":[307],"tags":[],"class_list":["post-166268","post","type-post","status-publish","format-standard","hentry","category-editais"],"_links":{"self":[{"href":"https:\/\/diarioregionaldigital.com.br\/index.php?rest_route=\/wp\/v2\/posts\/166268","targetHints":{"allow":["GET"]}}],"collection":[{"href":"https:\/\/diarioregionaldigital.com.br\/index.php?rest_route=\/wp\/v2\/posts"}],"about":[{"href":"https:\/\/diarioregionaldigital.com.br\/index.php?rest_route=\/wp\/v2\/types\/post"}],"author":[{"embeddable":true,"href":"https:\/\/diarioregionaldigital.com.br\/index.php?rest_route=\/wp\/v2\/users\/96"}],"replies":[{"embeddable":true,"href":"https:\/\/diarioregionaldigital.com.br\/index.php?rest_route=%2Fwp%2Fv2%2Fcomments&post=166268"}],"version-history":[{"count":0,"href":"https:\/\/diarioregionaldigital.com.br\/index.php?rest_route=\/wp\/v2\/posts\/166268\/revisions"}],"wp:attachment":[{"href":"https:\/\/diarioregionaldigital.com.br\/index.php?rest_route=%2Fwp%2Fv2%2Fmedia&parent=166268"}],"wp:term":[{"taxonomy":"category","embeddable":true,"href":"https:\/\/diarioregionaldigital.com.br\/index.php?rest_route=%2Fwp%2Fv2%2Fcategories&post=166268"},{"taxonomy":"post_tag","embeddable":true,"href":"https:\/\/diarioregionaldigital.com.br\/index.php?rest_route=%2Fwp%2Fv2%2Ftags&post=166268"}],"curies":[{"name":"wp","href":"https:\/\/api.w.org\/{rel}","templated":true}]}}