{"id":166266,"date":"2020-08-07T06:00:17","date_gmt":"2020-08-07T09:00:17","guid":{"rendered":"https:\/\/diarioregionaldigital.com.br\/?p=166266"},"modified":"2020-08-07T00:06:03","modified_gmt":"2020-08-07T03:06:03","slug":"prefeitura-municipal-de-descoberto-2-extrato-07-08-2020","status":"publish","type":"post","link":"https:\/\/diarioregionaldigital.com.br\/?p=166266","title":{"rendered":"Prefeitura Municipal de Descoberto 2 &#8211;  Extrato &#8211; 07\/08\/2020"},"content":{"rendered":"<p style=\"text-align: center;\"><strong>EXTRATO DE CONTRATO<\/strong><\/p>\n<p style=\"text-align: center;\">Pref. Municipal de Descoberto x Posto Brotinho Ltda \u2013 Aquisi\u00e7\u00e3o de combust\u00edvel para todos setores da Prefeitura \u2013 Fundamento: Inexigibilidade \u00a0n\u00ba 005\/2020\u00a0 &#8211;\u00a0 Valor Global: 339.758,80 &#8211; Vig\u00eancia: 03 meses &#8211;\u00a0 Dot or\u00e7: 02.02007.243.0002.33903\/100- 02.02004.12.361.0003.256-339030\/100- 02.02001.04.122.0002.202-339030\/100- 02.02005.10.122.0002.284-339030\/102- 02.02002.04.81.0002.223-339030\/100- 02.02002.04.122.0002.218-339030\/100- 02.02006.15.122.0002.202-339030\/100 \u00a0&#8211; Ass: 07\/08\/2020 &#8211; Foro: S\u00e3o Jo\u00e3o Nepomuceno\/MG.<\/p>\n<p style=\"text-align: center;\"><strong>Marcos de Ara\u00fajo Lima<\/strong><\/p>\n<p style=\"text-align: center;\"><strong>Prefeito Municipal<\/strong><\/p>\n","protected":false},"excerpt":{"rendered":"<p>EXTRATO DE CONTRATO Pref. Municipal de Descoberto x Posto Brotinho Ltda \u2013 Aquisi\u00e7\u00e3o de combust\u00edvel para todos setores da Prefeitura \u2013 Fundamento: Inexigibilidade \u00a0n\u00ba 005\/2020\u00a0 &#8211;\u00a0 Valor Global: 339.758,80 &#8211; Vig\u00eancia: 03 meses &#8211;\u00a0 Dot or\u00e7: 02.02007.243.0002.33903\/100- 02.02004.12.361.0003.256-339030\/100- 02.02001.04.122.0002.202-339030\/100- 02.02005.10.122.0002.284-339030\/102- 02.02002.04.81.0002.223-339030\/100- 02.02002.04.122.0002.218-339030\/100- 02.02006.15.122.0002.202-339030\/100 \u00a0&#8211; Ass: 07\/08\/2020 &#8211; Foro: S\u00e3o Jo\u00e3o Nepomuceno\/MG. Marcos de Ara\u00fajo Lima [&hellip;]<\/p>\n","protected":false},"author":96,"featured_media":0,"comment_status":"closed","ping_status":"closed","sticky":false,"template":"","format":"standard","meta":{"footnotes":""},"categories":[307],"tags":[],"class_list":["post-166266","post","type-post","status-publish","format-standard","hentry","category-editais"],"_links":{"self":[{"href":"https:\/\/diarioregionaldigital.com.br\/index.php?rest_route=\/wp\/v2\/posts\/166266","targetHints":{"allow":["GET"]}}],"collection":[{"href":"https:\/\/diarioregionaldigital.com.br\/index.php?rest_route=\/wp\/v2\/posts"}],"about":[{"href":"https:\/\/diarioregionaldigital.com.br\/index.php?rest_route=\/wp\/v2\/types\/post"}],"author":[{"embeddable":true,"href":"https:\/\/diarioregionaldigital.com.br\/index.php?rest_route=\/wp\/v2\/users\/96"}],"replies":[{"embeddable":true,"href":"https:\/\/diarioregionaldigital.com.br\/index.php?rest_route=%2Fwp%2Fv2%2Fcomments&post=166266"}],"version-history":[{"count":0,"href":"https:\/\/diarioregionaldigital.com.br\/index.php?rest_route=\/wp\/v2\/posts\/166266\/revisions"}],"wp:attachment":[{"href":"https:\/\/diarioregionaldigital.com.br\/index.php?rest_route=%2Fwp%2Fv2%2Fmedia&parent=166266"}],"wp:term":[{"taxonomy":"category","embeddable":true,"href":"https:\/\/diarioregionaldigital.com.br\/index.php?rest_route=%2Fwp%2Fv2%2Fcategories&post=166266"},{"taxonomy":"post_tag","embeddable":true,"href":"https:\/\/diarioregionaldigital.com.br\/index.php?rest_route=%2Fwp%2Fv2%2Ftags&post=166266"}],"curies":[{"name":"wp","href":"https:\/\/api.w.org\/{rel}","templated":true}]}}