{"id":166250,"date":"2020-08-06T20:01:58","date_gmt":"2020-08-06T23:01:58","guid":{"rendered":"https:\/\/diarioregionaldigital.com.br\/?p=166250"},"modified":"2020-08-06T20:01:58","modified_gmt":"2020-08-06T23:01:58","slug":"covid-19-brasil-tem-984-mil-mortes-e-29-milhoes-de-casos","status":"publish","type":"post","link":"https:\/\/diarioregionaldigital.com.br\/?p=166250","title":{"rendered":"Covid-19: Brasil tem 98,4 mil mortes e 2,9 milh\u00f5es de casos"},"content":{"rendered":"<p>O balan\u00e7o di\u00e1rio do Minist\u00e9rio da Sa\u00fade divulgado\u00a0<span id=\"OBJ_PREFIX_DWT1763_com_zimbra_date\" role=\"link\">hoje<\/span>\u00a0(6) totalizou 98.493 mortes desde o in\u00edcio da pandemia. Desde\u00a0<span id=\"OBJ_PREFIX_DWT1764_com_zimbra_date\" role=\"link\">ontem<\/span>, foram registrados pelas secretarias locais de sa\u00fade 1.237 \u00f3bitos.\u00a0<span id=\"OBJ_PREFIX_DWT1765_com_zimbra_date\" role=\"link\">Ontem (5)<\/span>, o sistema marcava 97.256 mortes. Ainda h\u00e1 3.544 \u00f3bitos em investiga\u00e7\u00e3o.<img decoding=\"async\" src=\"https:\/\/agenciabrasil.ebc.com.br\/ebc.png?id=1313166&amp;o=node\" \/><img decoding=\"async\" src=\"https:\/\/agenciabrasil.ebc.com.br\/ebc.gif?id=1313166&amp;o=node\" \/><\/p>\n<p>O n\u00famero acumulado de casos da doen\u00e7a chegou a 2.912.212. Nas \u00faltimas 24 horas,\u00a0o painel do \u00f3rg\u00e3o recebeu a notifica\u00e7\u00e3o de 53.139 novos casos das autoridades locais de sa\u00fade. At\u00e9\u00a0<span id=\"OBJ_PREFIX_DWT1766_com_zimbra_date\" role=\"link\">ontem<\/span>, a pasta havia contabilizado 2.859.073 pessoas infectadas desde o in\u00edcio da pandemia.<\/p>\n<p>De acordo com o\u00a0Minist\u00e9rio da Sa\u00fade, h\u00e1 766.059 pacientes em acompanhamento, e\u00a02.047.660 pessoas recuperadas da doen\u00e7a.<\/p>\n<p><strong>Covid-19 nos estados<\/strong><\/p>\n<p>Os estados com mais mortes por covid-19 s\u00e3o: S\u00e3o Paulo (24.448), Rio<span id=\"OBJ_PREFIX_DWT1767_com_zimbra_date\" role=\"link\">\u00a0de Janeiro<\/span>\u00a0(13.941), Cear\u00e1 (7.893), Pernambuco (6.828) e Par\u00e1 (5.835). As Unidades da Federa\u00e7\u00e3o com menos falecimentos pela pandemia s\u00e3o: Tocantins (428), Mato Grosso do Sul (458), Roraima (538), Acre (552) e Amap\u00e1 (594).<\/p>\n<p>J\u00e1 em termos de casos, S\u00e3o Paulo lidera (598.670), seguido por Bahia (183.690), Cear\u00e1 (183.301), Rio<span id=\"OBJ_PREFIX_DWT1768_com_zimbra_date\" role=\"link\">\u00a0de Janeiro<\/span>\u00a0(174.064) e Par\u00e1 (162.822). A Bahia ultrapassou o Cear\u00e1 e assumiu a\u00a0<span id=\"OBJ_PREFIX_DWT1769_com_zimbra_date\" role=\"link\">segunda<\/span>\u00a0coloca\u00e7\u00e3o no\u00a0<em>ranking<\/em>.<\/p>\n<p>Os estados com menos pessoas infectadas at\u00e9 o momento s\u00e3o Acre (21.263), Mato Grosso do Sul (29.101), Tocantins (29.539), Roraima (34.929) e Amap\u00e1 (37.735). O Acre consolidou a posi\u00e7\u00e3o de estado com menos casos. Nas \u00faltimas semanas, essa posi\u00e7\u00e3o era ocupada por Mato Grosso do Sul.<\/p>\n<p><strong>Covid-19 no mundo<\/strong><\/p>\n<p>De acordo com o mapa da universidade\u00a0Johns Hopkins, os Estados Unidos lideram o\u00a0<em>ranking\u00a0<\/em>novo coronav\u00edrus com\u00a04.870.367 casos acumulados\u00a0e\u00a0159.864\u00a0mortes por covid-19 desde o in\u00edcio da pandemia. O Brasil ocupa a segunda posi\u00e7\u00e3o. Em terceiro lugar na lista de pa\u00edses com maior registro da doen\u00e7a est\u00e1 a \u00cdndia com 1.964.536 casos acumulados. E o M\u00e9xico est\u00e1 entre os tr\u00eas pa\u00edses com o maior n\u00famero de mortes provocadas pelo novo coronav\u00edrus, 49.698.<\/p>\n<p><strong>Fonte:\u00a0<\/strong>Ag\u00eancia Brasil<\/p>\n","protected":false},"excerpt":{"rendered":"<p>O balan\u00e7o di\u00e1rio do Minist\u00e9rio da Sa\u00fade divulgado\u00a0hoje\u00a0(6) totalizou 98.493 mortes desde o in\u00edcio da pandemia. Desde\u00a0ontem, foram registrados pelas secretarias locais de sa\u00fade 1.237 \u00f3bitos.\u00a0Ontem (5), o sistema marcava 97.256 mortes. Ainda h\u00e1 3.544 \u00f3bitos em investiga\u00e7\u00e3o. O n\u00famero acumulado de casos da doen\u00e7a chegou a 2.912.212. Nas \u00faltimas 24 horas,\u00a0o painel do \u00f3rg\u00e3o [&hellip;]<\/p>\n","protected":false},"author":96,"featured_media":166251,"comment_status":"closed","ping_status":"closed","sticky":false,"template":"","format":"standard","meta":{"footnotes":""},"categories":[302,436,440,439],"tags":[],"class_list":["post-166250","post","type-post","status-publish","format-standard","has-post-thumbnail","hentry","category-brasil-mundo","category-destaque-da-semana","category-destaques-do-dia","category-ultima-hora"],"_links":{"self":[{"href":"https:\/\/diarioregionaldigital.com.br\/index.php?rest_route=\/wp\/v2\/posts\/166250","targetHints":{"allow":["GET"]}}],"collection":[{"href":"https:\/\/diarioregionaldigital.com.br\/index.php?rest_route=\/wp\/v2\/posts"}],"about":[{"href":"https:\/\/diarioregionaldigital.com.br\/index.php?rest_route=\/wp\/v2\/types\/post"}],"author":[{"embeddable":true,"href":"https:\/\/diarioregionaldigital.com.br\/index.php?rest_route=\/wp\/v2\/users\/96"}],"replies":[{"embeddable":true,"href":"https:\/\/diarioregionaldigital.com.br\/index.php?rest_route=%2Fwp%2Fv2%2Fcomments&post=166250"}],"version-history":[{"count":0,"href":"https:\/\/diarioregionaldigital.com.br\/index.php?rest_route=\/wp\/v2\/posts\/166250\/revisions"}],"wp:featuredmedia":[{"embeddable":true,"href":"https:\/\/diarioregionaldigital.com.br\/index.php?rest_route=\/wp\/v2\/media\/166251"}],"wp:attachment":[{"href":"https:\/\/diarioregionaldigital.com.br\/index.php?rest_route=%2Fwp%2Fv2%2Fmedia&parent=166250"}],"wp:term":[{"taxonomy":"category","embeddable":true,"href":"https:\/\/diarioregionaldigital.com.br\/index.php?rest_route=%2Fwp%2Fv2%2Fcategories&post=166250"},{"taxonomy":"post_tag","embeddable":true,"href":"https:\/\/diarioregionaldigital.com.br\/index.php?rest_route=%2Fwp%2Fv2%2Ftags&post=166250"}],"curies":[{"name":"wp","href":"https:\/\/api.w.org\/{rel}","templated":true}]}}