{"id":166247,"date":"2020-08-06T18:32:40","date_gmt":"2020-08-06T21:32:40","guid":{"rendered":"https:\/\/diarioregionaldigital.com.br\/?p=166247"},"modified":"2020-08-06T18:32:40","modified_gmt":"2020-08-06T21:32:40","slug":"mostra-recupera-40-anos-de-historia-do-maior-concurso-de-transformistas-do-brasil","status":"publish","type":"post","link":"https:\/\/diarioregionaldigital.com.br\/?p=166247","title":{"rendered":"Mostra recupera 40 anos de hist\u00f3ria do maior concurso de transformistas do Brasil"},"content":{"rendered":"<p>Irrever\u00eancia, alegria, glamour e longa trajet\u00f3ria em defesa da diversidade. Durante mais de quatro d\u00e9cadas, o \u201cMiss Brasil Gay\u201d, maior concurso de transformismo do pa\u00eds, realizado em Juiz de Fora, colocou-se na linha de frente na luta pelo respeito e pelo orgulho LGBTQI+. Al\u00e9m de se consolidar como instrumento de reivindica\u00e7\u00e3o pol\u00edtica e social, defendendo grupo historicamente vitimado pelo preconceito, pela exclus\u00e3o e pela viol\u00eancia, a festa tamb\u00e9m se tornou sin\u00f4nimo de estilo e cultura. Agora, parte da trajet\u00f3ria do evento ser\u00e1 resgatada na mostra \u201cRainbow Gallery: Os Diversos Tons do Miss Brasil Gay\u201d, que a Funda\u00e7\u00e3o Cultural \u201cAlfredo Ferreira Lage\u201d (Funalfa) lan\u00e7ar\u00e1 na segunda-feira, 10.<\/p>\n<p>A mostra ser\u00e1 disponibilizada em link, a ser divulgado durante a abertura da 4\u00aa Semana Rainbow da Universidade Federal de Juiz de Fora (UFJF), \u00e0s 20 horas, no canal do evento no\u00a0youtube. A exposi\u00e7\u00e3o virtual integra a programa\u00e7\u00e3o da Semana, e foi organizada pela Funalfa, com curadoria dos historiadores Carine Muguet e Fabr\u00edcio Fernandes. \u201cAs fotos pertencem ao setor de Mem\u00f3ria da Dipac (Divis\u00e3o de Patrim\u00f4nio Cultural), composto pelo processo de registro do concurso como bem imaterial, al\u00e9m de acervos fotogr\u00e1ficos cedidos por Chiquinho Mota, que criou o \u00b4Miss Gay`, e pelo pesquisador Marcelo do Carmo. Trata-se de material muito rico, dispon\u00edvel para pesquisas que contribuam para a salvaguarda da mem\u00f3ria do evento\u201d, explicou Fabr\u00edcio.<\/p>\n<p>\u201cNossa proposta \u00e9 celebrar a exist\u00eancia e a mem\u00f3ria do \u00b4Miss Brasil Gay`, pelo que ele representa para a popula\u00e7\u00e3o LGBTQIA+ e a cidade de Juiz de Fora como um todo\u201d, complementou Carine, lembrando que o concurso foi criado em 1977 e registrado como bem imaterial de Juiz de Fora em 2007. No ano passado aconteceu a 39\u00aa edi\u00e7\u00e3o e, por causa da quarentena, n\u00e3o haver\u00e1 concurso esse ano.<\/p>\n<p>Tamb\u00e9m em fun\u00e7\u00e3o da covid-19, a programa\u00e7\u00e3o da Semana Rainbow ocorrer\u00e1 exclusivamente on-line, com o tema \u201cA Comunidade LGBTTIQ+ no Enfrentamento \u00e0 Pandemia e no Contexto Pol\u00edtico e Social\u201d.<\/p>\n<p><b>Roda de conversa<\/b><\/p>\n<p>Al\u00e9m de dividir com Carine a curadoria da \u201cRainbow Gallery\u201d, o historiador Fabr\u00edcio Fernandes participar\u00e1 da roda de conversa \u201cPatrim\u00f4nio, Mem\u00f3ria e Tradi\u00e7\u00e3o LGBTQIA+ em Juiz de Fora\u201d. O bate-papo ser\u00e1 mediado por Marcelo do Carmo e ter\u00e1 participa\u00e7\u00e3o da Miss Brasil Gay 2017, Guiga Barbieri, Cl\u00f3vis Casemiro (International Gay and Lesbian Travel Association &#8211; IGLTA Brasil) e Tha\u00eds Lima (Juiz de Fora Convention Bureau), com transmiss\u00e3o pelo canal da 4\u00aa Semana Rainbow no youtube.<\/p>\n<p><strong>Fonte:\u00a0<\/strong>Assessoria<\/p>\n","protected":false},"excerpt":{"rendered":"<p>Irrever\u00eancia, alegria, glamour e longa trajet\u00f3ria em defesa da diversidade. Durante mais de quatro d\u00e9cadas, o \u201cMiss Brasil Gay\u201d, maior concurso de transformismo do pa\u00eds, realizado em Juiz de Fora, colocou-se na linha de frente na luta pelo respeito e pelo orgulho LGBTQI+. Al\u00e9m de se consolidar como instrumento de reivindica\u00e7\u00e3o pol\u00edtica e social, defendendo [&hellip;]<\/p>\n","protected":false},"author":96,"featured_media":166248,"comment_status":"closed","ping_status":"closed","sticky":false,"template":"","format":"standard","meta":{"footnotes":""},"categories":[256,436,439],"tags":[],"class_list":["post-166247","post","type-post","status-publish","format-standard","has-post-thumbnail","hentry","category-cultura","category-destaque-da-semana","category-ultima-hora"],"_links":{"self":[{"href":"https:\/\/diarioregionaldigital.com.br\/index.php?rest_route=\/wp\/v2\/posts\/166247","targetHints":{"allow":["GET"]}}],"collection":[{"href":"https:\/\/diarioregionaldigital.com.br\/index.php?rest_route=\/wp\/v2\/posts"}],"about":[{"href":"https:\/\/diarioregionaldigital.com.br\/index.php?rest_route=\/wp\/v2\/types\/post"}],"author":[{"embeddable":true,"href":"https:\/\/diarioregionaldigital.com.br\/index.php?rest_route=\/wp\/v2\/users\/96"}],"replies":[{"embeddable":true,"href":"https:\/\/diarioregionaldigital.com.br\/index.php?rest_route=%2Fwp%2Fv2%2Fcomments&post=166247"}],"version-history":[{"count":0,"href":"https:\/\/diarioregionaldigital.com.br\/index.php?rest_route=\/wp\/v2\/posts\/166247\/revisions"}],"wp:featuredmedia":[{"embeddable":true,"href":"https:\/\/diarioregionaldigital.com.br\/index.php?rest_route=\/wp\/v2\/media\/166248"}],"wp:attachment":[{"href":"https:\/\/diarioregionaldigital.com.br\/index.php?rest_route=%2Fwp%2Fv2%2Fmedia&parent=166247"}],"wp:term":[{"taxonomy":"category","embeddable":true,"href":"https:\/\/diarioregionaldigital.com.br\/index.php?rest_route=%2Fwp%2Fv2%2Fcategories&post=166247"},{"taxonomy":"post_tag","embeddable":true,"href":"https:\/\/diarioregionaldigital.com.br\/index.php?rest_route=%2Fwp%2Fv2%2Ftags&post=166247"}],"curies":[{"name":"wp","href":"https:\/\/api.w.org\/{rel}","templated":true}]}}