{"id":166245,"date":"2020-08-06T18:31:12","date_gmt":"2020-08-06T21:31:12","guid":{"rendered":"https:\/\/diarioregionaldigital.com.br\/?p=166245"},"modified":"2020-08-06T18:31:12","modified_gmt":"2020-08-06T21:31:12","slug":"museu-ferroviario-faz-17-anos-e-convida-publico-a-postar-fotos-de-visitas","status":"publish","type":"post","link":"https:\/\/diarioregionaldigital.com.br\/?p=166245","title":{"rendered":"Museu Ferrovi\u00e1rio faz 17 anos e convida p\u00fablico a postar fotos de visitas"},"content":{"rendered":"<div id=\"box_texto_noticia\">O Museu Ferrovi\u00e1rio de Juiz de Fora completa 17 anos este m\u00eas e convida o p\u00fablico a participar das comemora\u00e7\u00f5es. A ideia \u00e9 publicar imagens de visitas ao equipamento urbano, gerenciado pela Funda\u00e7\u00e3o Cultural \u201cAlfredo Ferreira Lage\u201d (Funalfa) e localizado no pr\u00e9dio-sede da antiga Estrada de Ferro Leopoldina (Avenida Brasil, 2.001 \u2013 Centro). Quem tiver recorda\u00e7\u00f5es do espa\u00e7o, independente do ano, pode publicar no instagram, marcando o perfil do museu (@museuferroviariojf), al\u00e9m das tags\u00a0<b>#saudadedomf<\/b>\u00a0e\u00a0<b>#tbt<\/b>. As imagens ser\u00e3o compartilhadas nos stories do museu, nas tr\u00eas pr\u00f3ximas quintas-feiras, 13, 20 e 27.<\/p>\n<p>A a\u00e7\u00e3o tem como objetivo amenizar um pouco da saudade do espa\u00e7o, que se tornou um dos pontos culturais mais apreciados pelos juiz-foranos, al\u00e9m de receber visitantes de todo o pa\u00eds e do exterior. Conforme o gerente de espa\u00e7os da Funalfa, Luiz Fernando Priamo, as fotografias podem ser registros de momentos nas salas de exposi\u00e7\u00e3o, na plataforma, nos jardins, no teatro ou no espa\u00e7o multimeios. Tamb\u00e9m ser\u00e3o aceitas imagens anteriores \u00e0 inaugura\u00e7\u00e3o do museu, quando o pr\u00e9dio abrigava o N\u00facleo Hist\u00f3rico Ferrovi\u00e1rio.<\/p>\n<p>Por conta do protocolo adotado contra a dissemina\u00e7\u00e3o do coronav\u00edrus, o Museu Ferrovi\u00e1rio de Juiz de Fora, como os demais equipamentos gerenciados pela Funalfa, est\u00e3o fechados para visita\u00e7\u00e3o p\u00fablica. Uma dica para quem quer rever ou conhecer o acervo, que tem mais de 300 pe\u00e7as expostas e \u00e9 dedicado \u00e0 hist\u00f3ria da ferrovia em Juiz de Fora e regi\u00e3o, \u00e9 o tour virtual em 360\u00b0, atrav\u00e9s do Google Street View.<\/p><\/div>\n<div><\/div>\n<div><strong>Fonte:\u00a0<\/strong>Assessoria<\/div>\n<div><\/div>\n<div align=\"right\"><\/div>\n<div align=\"right\"><\/div>\n","protected":false},"excerpt":{"rendered":"<p>O Museu Ferrovi\u00e1rio de Juiz de Fora completa 17 anos este m\u00eas e convida o p\u00fablico a participar das comemora\u00e7\u00f5es. A ideia \u00e9 publicar imagens de visitas ao equipamento urbano, gerenciado pela Funda\u00e7\u00e3o Cultural \u201cAlfredo Ferreira Lage\u201d (Funalfa) e localizado no pr\u00e9dio-sede da antiga Estrada de Ferro Leopoldina (Avenida Brasil, 2.001 \u2013 Centro). Quem tiver [&hellip;]<\/p>\n","protected":false},"author":96,"featured_media":145575,"comment_status":"closed","ping_status":"closed","sticky":false,"template":"","format":"standard","meta":{"footnotes":""},"categories":[256,436,439],"tags":[],"class_list":["post-166245","post","type-post","status-publish","format-standard","has-post-thumbnail","hentry","category-cultura","category-destaque-da-semana","category-ultima-hora"],"_links":{"self":[{"href":"https:\/\/diarioregionaldigital.com.br\/index.php?rest_route=\/wp\/v2\/posts\/166245","targetHints":{"allow":["GET"]}}],"collection":[{"href":"https:\/\/diarioregionaldigital.com.br\/index.php?rest_route=\/wp\/v2\/posts"}],"about":[{"href":"https:\/\/diarioregionaldigital.com.br\/index.php?rest_route=\/wp\/v2\/types\/post"}],"author":[{"embeddable":true,"href":"https:\/\/diarioregionaldigital.com.br\/index.php?rest_route=\/wp\/v2\/users\/96"}],"replies":[{"embeddable":true,"href":"https:\/\/diarioregionaldigital.com.br\/index.php?rest_route=%2Fwp%2Fv2%2Fcomments&post=166245"}],"version-history":[{"count":0,"href":"https:\/\/diarioregionaldigital.com.br\/index.php?rest_route=\/wp\/v2\/posts\/166245\/revisions"}],"wp:featuredmedia":[{"embeddable":true,"href":"https:\/\/diarioregionaldigital.com.br\/index.php?rest_route=\/wp\/v2\/media\/145575"}],"wp:attachment":[{"href":"https:\/\/diarioregionaldigital.com.br\/index.php?rest_route=%2Fwp%2Fv2%2Fmedia&parent=166245"}],"wp:term":[{"taxonomy":"category","embeddable":true,"href":"https:\/\/diarioregionaldigital.com.br\/index.php?rest_route=%2Fwp%2Fv2%2Fcategories&post=166245"},{"taxonomy":"post_tag","embeddable":true,"href":"https:\/\/diarioregionaldigital.com.br\/index.php?rest_route=%2Fwp%2Fv2%2Ftags&post=166245"}],"curies":[{"name":"wp","href":"https:\/\/api.w.org\/{rel}","templated":true}]}}