{"id":166242,"date":"2020-08-06T18:28:33","date_gmt":"2020-08-06T21:28:33","guid":{"rendered":"https:\/\/diarioregionaldigital.com.br\/?p=166242"},"modified":"2020-08-06T18:28:33","modified_gmt":"2020-08-06T21:28:33","slug":"novo-video-da-familia-imperial-destaca-cartas-de-pedro-i-a-marquesa-de-santos","status":"publish","type":"post","link":"https:\/\/diarioregionaldigital.com.br\/?p=166242","title":{"rendered":"Novo v\u00eddeo da Fam\u00edlia Imperial destaca cartas de Pedro I \u00e0 Marquesa de Santos"},"content":{"rendered":"<p>As famosas cartas escritas pelo imperador Dom Pedro I \u00e0 Marquesa de Santos despertam curiosidade tanto de pesquisadores quanto do grande p\u00fablico. No arquivo hist\u00f3rico do Museu &#8220;Mariano Proc\u00f3pio&#8221; se encontra um conjunto de nove cartas do monarca para uma de suas rela\u00e7\u00f5es extraconjugais mais conhecidas. O caso com Domitila \u00e9 um dos destaques em folhetim reprisado atualmente na TV, e por isso foram escolhidas essas cartas como os pr\u00f3ximos itens a serem apresentados na s\u00e9rie de v\u00eddeos sobre a &#8220;Cole\u00e7\u00e3o Fam\u00edlia Imperial&#8221;.<\/p>\n<p>Segundo o historiador S\u00e9rgio Augusto Vicente, atrav\u00e9s das cartas \u00e9 poss\u00edvel perceber o comportamento no cotidiano e na vida privada da nobreza do s\u00e9culo 19, sobretudo a vida de Pedro I. O monarca se reportava \u00e0 Marquesa de Santos como &#8220;meu bem&#8221; ou &#8220;meu benzinho&#8221;, e assinava as cartas como &#8220;Demon\u00e3o&#8221; ou &#8220;Fogo Foguinho&#8221;. V\u00e1rias passagens revelam detalhes da rela\u00e7\u00e3o amorosa, permitindo visualizar alguns aspectos da sociedade e das estabelecidas por Pedro I no contexto social daquela \u00e9poca. Al\u00e9m disso, no v\u00eddeo, o historiador faz a leitura do conte\u00fado de uma das cartas.<\/p>\n<p>Neste momento de pandemia, as solicita\u00e7\u00f5es de informa\u00e7\u00f5es para pesquisas devem ser encaminhadas ao Departamento de Acervo T\u00e9cnico e A\u00e7\u00f5es Culturais (Datec), pelo e-mail maprocultural@pjf.mg.gov.br. O v\u00eddeo est\u00e1 dispon\u00edvel nos canais oficiais da Prefeitura de Juiz de Fora (PJF) e nas redes sociais do Museu.<\/p>\n<p><strong>Fonte:\u00a0<\/strong>Assessoria<\/p>\n","protected":false},"excerpt":{"rendered":"<p>As famosas cartas escritas pelo imperador Dom Pedro I \u00e0 Marquesa de Santos despertam curiosidade tanto de pesquisadores quanto do grande p\u00fablico. No arquivo hist\u00f3rico do Museu &#8220;Mariano Proc\u00f3pio&#8221; se encontra um conjunto de nove cartas do monarca para uma de suas rela\u00e7\u00f5es extraconjugais mais conhecidas. O caso com Domitila \u00e9 um dos destaques em [&hellip;]<\/p>\n","protected":false},"author":96,"featured_media":166243,"comment_status":"closed","ping_status":"closed","sticky":false,"template":"","format":"standard","meta":{"footnotes":""},"categories":[256,436,439],"tags":[],"class_list":["post-166242","post","type-post","status-publish","format-standard","has-post-thumbnail","hentry","category-cultura","category-destaque-da-semana","category-ultima-hora"],"_links":{"self":[{"href":"https:\/\/diarioregionaldigital.com.br\/index.php?rest_route=\/wp\/v2\/posts\/166242","targetHints":{"allow":["GET"]}}],"collection":[{"href":"https:\/\/diarioregionaldigital.com.br\/index.php?rest_route=\/wp\/v2\/posts"}],"about":[{"href":"https:\/\/diarioregionaldigital.com.br\/index.php?rest_route=\/wp\/v2\/types\/post"}],"author":[{"embeddable":true,"href":"https:\/\/diarioregionaldigital.com.br\/index.php?rest_route=\/wp\/v2\/users\/96"}],"replies":[{"embeddable":true,"href":"https:\/\/diarioregionaldigital.com.br\/index.php?rest_route=%2Fwp%2Fv2%2Fcomments&post=166242"}],"version-history":[{"count":0,"href":"https:\/\/diarioregionaldigital.com.br\/index.php?rest_route=\/wp\/v2\/posts\/166242\/revisions"}],"wp:featuredmedia":[{"embeddable":true,"href":"https:\/\/diarioregionaldigital.com.br\/index.php?rest_route=\/wp\/v2\/media\/166243"}],"wp:attachment":[{"href":"https:\/\/diarioregionaldigital.com.br\/index.php?rest_route=%2Fwp%2Fv2%2Fmedia&parent=166242"}],"wp:term":[{"taxonomy":"category","embeddable":true,"href":"https:\/\/diarioregionaldigital.com.br\/index.php?rest_route=%2Fwp%2Fv2%2Fcategories&post=166242"},{"taxonomy":"post_tag","embeddable":true,"href":"https:\/\/diarioregionaldigital.com.br\/index.php?rest_route=%2Fwp%2Fv2%2Ftags&post=166242"}],"curies":[{"name":"wp","href":"https:\/\/api.w.org\/{rel}","templated":true}]}}