{"id":166240,"date":"2020-08-06T18:25:47","date_gmt":"2020-08-06T21:25:47","guid":{"rendered":"https:\/\/diarioregionaldigital.com.br\/?p=166240"},"modified":"2020-08-06T18:25:47","modified_gmt":"2020-08-06T21:25:47","slug":"covid-19-juiz-de-fora-tem-3-784-casos-confirmados-e-121-mortes","status":"publish","type":"post","link":"https:\/\/diarioregionaldigital.com.br\/?p=166240","title":{"rendered":"Covid-19: Juiz de Fora tem 3.784 casos confirmados e 121 mortes"},"content":{"rendered":"<p>O novo boletim epidemiol\u00f3gico divulgado nesta quinta-feira (4) pela Secretaria de Sa\u00fade (SS) da Prefeitura de Juiz de Fora (PJF), indica aumento de mais 72 novos casos por Coronav\u00edrus, totalizando 3.784. Al\u00e9m disso, foi registrado mais um \u00f3bito, contabilizando 121 no munic\u00edpio. A v\u00edtima \u00e9 um homem, de 59 anos. O \u00f3bito foi registrado nessa quarta, 5. Como comorbidades, ele apresentava Diabetes Mellitus (DM) e Doen\u00e7a Cardiovascular Cr\u00f4nica (DCC). Mais 122 novas suspeitas foram registrados, contabilizando 13.557.<\/p>\n<p><b>Leitos<\/b><\/p>\n<p>Segundo informa\u00e7\u00f5es da PJF, os leitos de enfermaria est\u00e3o com 56,22% de ocupa\u00e7\u00e3o. J\u00e1 os os leitos de UTI e SUS, est\u00e3o com taxa de 70,97% e 72,13% respectivamente.<\/p>\n","protected":false},"excerpt":{"rendered":"<p>O novo boletim epidemiol\u00f3gico divulgado nesta quinta-feira (4) pela Secretaria de Sa\u00fade (SS) da Prefeitura de Juiz de Fora (PJF), indica aumento de mais 72 novos casos por Coronav\u00edrus, totalizando 3.784. Al\u00e9m disso, foi registrado mais um \u00f3bito, contabilizando 121 no munic\u00edpio. A v\u00edtima \u00e9 um homem, de 59 anos. O \u00f3bito foi registrado nessa [&hellip;]<\/p>\n","protected":false},"author":96,"featured_media":157417,"comment_status":"closed","ping_status":"closed","sticky":false,"template":"","format":"standard","meta":{"footnotes":""},"categories":[253,436,440,439],"tags":[],"class_list":["post-166240","post","type-post","status-publish","format-standard","has-post-thumbnail","hentry","category-cidade","category-destaque-da-semana","category-destaques-do-dia","category-ultima-hora"],"_links":{"self":[{"href":"https:\/\/diarioregionaldigital.com.br\/index.php?rest_route=\/wp\/v2\/posts\/166240","targetHints":{"allow":["GET"]}}],"collection":[{"href":"https:\/\/diarioregionaldigital.com.br\/index.php?rest_route=\/wp\/v2\/posts"}],"about":[{"href":"https:\/\/diarioregionaldigital.com.br\/index.php?rest_route=\/wp\/v2\/types\/post"}],"author":[{"embeddable":true,"href":"https:\/\/diarioregionaldigital.com.br\/index.php?rest_route=\/wp\/v2\/users\/96"}],"replies":[{"embeddable":true,"href":"https:\/\/diarioregionaldigital.com.br\/index.php?rest_route=%2Fwp%2Fv2%2Fcomments&post=166240"}],"version-history":[{"count":0,"href":"https:\/\/diarioregionaldigital.com.br\/index.php?rest_route=\/wp\/v2\/posts\/166240\/revisions"}],"wp:featuredmedia":[{"embeddable":true,"href":"https:\/\/diarioregionaldigital.com.br\/index.php?rest_route=\/wp\/v2\/media\/157417"}],"wp:attachment":[{"href":"https:\/\/diarioregionaldigital.com.br\/index.php?rest_route=%2Fwp%2Fv2%2Fmedia&parent=166240"}],"wp:term":[{"taxonomy":"category","embeddable":true,"href":"https:\/\/diarioregionaldigital.com.br\/index.php?rest_route=%2Fwp%2Fv2%2Fcategories&post=166240"},{"taxonomy":"post_tag","embeddable":true,"href":"https:\/\/diarioregionaldigital.com.br\/index.php?rest_route=%2Fwp%2Fv2%2Ftags&post=166240"}],"curies":[{"name":"wp","href":"https:\/\/api.w.org\/{rel}","templated":true}]}}