{"id":166237,"date":"2020-08-06T18:19:32","date_gmt":"2020-08-06T21:19:32","guid":{"rendered":"https:\/\/diarioregionaldigital.com.br\/?p=166237"},"modified":"2020-08-06T18:19:32","modified_gmt":"2020-08-06T21:19:32","slug":"saude-analisa-impacto-de-isolamento-social-no-combate-a-covid-19","status":"publish","type":"post","link":"https:\/\/diarioregionaldigital.com.br\/?p=166237","title":{"rendered":"Sa\u00fade analisa impacto de isolamento social no combate \u00e0 covid-19"},"content":{"rendered":"<p>Em Minas Gerais, dois momentos de isolamento social, uma das principais medidas de preven\u00e7\u00e3o \u00e0 covid-19, tiveram impacto direto nos indicadores de controle da doen\u00e7a no estado.<\/p>\n<p>Em coletiva virtual realizada nesta quinta-feira (7\/8), o secret\u00e1rio de Estado de\u00a0Sa\u00fade\u00a0de Minas Gerais, Carlos Eduardo Amaral, explicou a diferen\u00e7a conceitual sobre a quarentena realizada ainda no in\u00edcio da epidemia, em mar\u00e7o, e atualmente. E incentivou que a popula\u00e7\u00e3o continue seguindo a medida.<\/p>\n<p>Segundo o secret\u00e1rio, desde o primeiro m\u00eas de dissemina\u00e7\u00e3o do v\u00edrus, a perman\u00eancia das pessoas em casa foi extremamente importante. Isso porque ainda n\u00e3o havia conhecimento, do ponto de vista global, sobre os cuidados necess\u00e1rios para evitar a transmiss\u00e3o da covid-19. Hoje, mesmo com mais informa\u00e7\u00f5es, ainda h\u00e1 necessidade do isolamento para conter a dissemina\u00e7\u00e3o do v\u00edrus.<\/p>\n<p>\u201cO uso de m\u00e1scara ainda n\u00e3o era uma pr\u00e1tica habitual, assim como o uso de \u00e1lcool gel e o distanciamento para evitar contato pr\u00f3ximo. Hoje, quando falamos sobre isolamento, nos veem \u00e0 cabe\u00e7a um grupo grande de pessoas em casa e medidas de autoprote\u00e7\u00e3o. \u00c9 este somat\u00f3rio que, efetivamente, ir\u00e1 repercutir na redu\u00e7\u00e3o dos casos\u201d, refletiu o secret\u00e1rio.<\/p>\n<p><b>Taxa de isolamento<\/b><\/p>\n<p>A taxa de isolamento em Minas Gerais est\u00e1, atualmente, numa m\u00e9dia de 34,5%. Amaral afirmou que, embora o n\u00famero pudesse ser maior, tamb\u00e9m \u00e9 preciso considerar as demais a\u00e7\u00f5es de preven\u00e7\u00e3o que apresentam certo n\u00edvel de equival\u00eancia ao isolamento, como o uso de m\u00e1scaras de prote\u00e7\u00e3o individual e\u00a0a higieniza\u00e7\u00e3o constante das m\u00e3os,\u00a0repercutem nos indicadores, a exemplo da taxa de transmiss\u00e3o e da demanda por leitos.<\/p>\n<p><b>Taxa de ocupa\u00e7\u00e3o<\/b><\/p>\n<p>Hoje, Minas Gerais conta com 20.838 leitos de enfermaria e a taxa de ocupa\u00e7\u00e3o est\u00e1 em 58,52 %, o que corresponde a 8.643 leitos livres no estado. O estado tem 3.750 leitos de UTI, com ocupa\u00e7\u00e3o de 66,67%, percentual que\u00a0 corresponde a 1.249 leitos de UTI dispon\u00edveis.<\/p>\n<p>Ainda sobre a ocupa\u00e7\u00e3o de leitos, o secret\u00e1rio de Sa\u00fade explicou\u00a0que pequenas flutua\u00e7\u00f5es t\u00eam sido observadas nos \u00faltimos 15 dias, sem grandes altera\u00e7\u00f5es. E disse que, a partir do ponto de vista da epidemia como um todo, a manuten\u00e7\u00e3o desse indicador aponta para uma tend\u00eancia \u00e0 estabilidade, seja na positividade dos exames, seja no n\u00famero de diagn\u00f3sticos.<\/p>\n<p>\u201cMinas continua sendo o estado com menor n\u00famero de \u00f3bitos por 100 mil habitantes em todo o Brasil. Isso n\u00e3o \u00e9 motivo para comemorar, pois, quando falamos em \u00f3bito, entendemos que \u00e9 algo que n\u00e3o deveria ter acontecido. Ainda assim, as condutas adotadas e o engajamento da popula\u00e7\u00e3o t\u00eam trazido resultados efetivos para o estado\u201d, refor\u00e7ou.<\/p>\n<p><b>Minas Consciente<\/b><\/p>\n<p>O\u00a0secret\u00e1rio adjunto de Desenvolvimento Econ\u00f4mico, Fernando Passalio, apresentou o balan\u00e7o atualizado do plano Minas Consciente, que passou por mudan\u00e7as para facilitar a orienta\u00e7\u00e3o das prefeituras em rela\u00e7\u00e3o \u00e0s ondas com protocolos\u00a0para macro e microrregi\u00f5es do estado.<\/p>\n<p>De acordo com o Passalio, at\u00e9 o momento, 412 munic\u00edpios aderiram formalmente ao plano, o que representa mais de 10 milh\u00f5es de mineiros impactados. As macrorregi\u00f5es que apresentam maior ades\u00e3o s\u00e3o a Centro-Sul, Sudeste, Leste e Noroeste.<\/p>\n<p>\u201cO estado fez um plano buscando alcan\u00e7ar o maior n\u00famero de munic\u00edpios, mas sempre respeitando a soberania e a capacidade de reflex\u00e3o e decis\u00e3o de cada prefeito\u201d, pontuou o secret\u00e1rio adjunto de\u00a0Desenvolvimento Econ\u00f4mico.<\/p>\n<p><strong>Fonte:\u00a0<\/strong>Ag\u00eancia Minas<\/p>\n","protected":false},"excerpt":{"rendered":"<p>Em Minas Gerais, dois momentos de isolamento social, uma das principais medidas de preven\u00e7\u00e3o \u00e0 covid-19, tiveram impacto direto nos indicadores de controle da doen\u00e7a no estado. Em coletiva virtual realizada nesta quinta-feira (7\/8), o secret\u00e1rio de Estado de\u00a0Sa\u00fade\u00a0de Minas Gerais, Carlos Eduardo Amaral, explicou a diferen\u00e7a conceitual sobre a quarentena realizada ainda no in\u00edcio [&hellip;]<\/p>\n","protected":false},"author":96,"featured_media":166238,"comment_status":"closed","ping_status":"closed","sticky":false,"template":"","format":"standard","meta":{"footnotes":""},"categories":[436,252,439],"tags":[],"class_list":["post-166237","post","type-post","status-publish","format-standard","has-post-thumbnail","hentry","category-destaque-da-semana","category-regiao","category-ultima-hora"],"_links":{"self":[{"href":"https:\/\/diarioregionaldigital.com.br\/index.php?rest_route=\/wp\/v2\/posts\/166237","targetHints":{"allow":["GET"]}}],"collection":[{"href":"https:\/\/diarioregionaldigital.com.br\/index.php?rest_route=\/wp\/v2\/posts"}],"about":[{"href":"https:\/\/diarioregionaldigital.com.br\/index.php?rest_route=\/wp\/v2\/types\/post"}],"author":[{"embeddable":true,"href":"https:\/\/diarioregionaldigital.com.br\/index.php?rest_route=\/wp\/v2\/users\/96"}],"replies":[{"embeddable":true,"href":"https:\/\/diarioregionaldigital.com.br\/index.php?rest_route=%2Fwp%2Fv2%2Fcomments&post=166237"}],"version-history":[{"count":0,"href":"https:\/\/diarioregionaldigital.com.br\/index.php?rest_route=\/wp\/v2\/posts\/166237\/revisions"}],"wp:featuredmedia":[{"embeddable":true,"href":"https:\/\/diarioregionaldigital.com.br\/index.php?rest_route=\/wp\/v2\/media\/166238"}],"wp:attachment":[{"href":"https:\/\/diarioregionaldigital.com.br\/index.php?rest_route=%2Fwp%2Fv2%2Fmedia&parent=166237"}],"wp:term":[{"taxonomy":"category","embeddable":true,"href":"https:\/\/diarioregionaldigital.com.br\/index.php?rest_route=%2Fwp%2Fv2%2Fcategories&post=166237"},{"taxonomy":"post_tag","embeddable":true,"href":"https:\/\/diarioregionaldigital.com.br\/index.php?rest_route=%2Fwp%2Fv2%2Ftags&post=166237"}],"curies":[{"name":"wp","href":"https:\/\/api.w.org\/{rel}","templated":true}]}}