{"id":166231,"date":"2020-08-06T18:11:44","date_gmt":"2020-08-06T21:11:44","guid":{"rendered":"https:\/\/diarioregionaldigital.com.br\/?p=166231"},"modified":"2020-08-06T18:11:44","modified_gmt":"2020-08-06T21:11:44","slug":"fiscalizacao-da-pjf-monitora-24-agencias-bancarias","status":"publish","type":"post","link":"https:\/\/diarioregionaldigital.com.br\/?p=166231","title":{"rendered":"Fiscaliza\u00e7\u00e3o da PJF monitora 24 ag\u00eancias banc\u00e1rias"},"content":{"rendered":"<p>Nessa quinta-feira (6), a equipe de fiscaliza\u00e7\u00e3o formada pelas secretarias de Meio Ambiente e Ordenamento Urbano (Semaur), de Seguran\u00e7a Urbana e Cidadania (Sesuc), por meio da Guarda Municipal, e de Transporte e Tr\u00e2nsito (Settra) e Ag\u00eancia de Prote\u00e7\u00e3o e Defesa do Consumidor (Procon\/JF), fizeram vistorias em 24 ag\u00eancias banc\u00e1rias em Juiz de Fora.<\/p>\n<p>O objetivo dos trabalhos foi fiscalizar se as ag\u00eancias est\u00e3o cumprindo todas as medidas de preven\u00e7\u00e3o ao Coronav\u00edrus, como disponibiliza\u00e7\u00e3o de \u00e1lcool gel, distanciamento entre clientes e funcion\u00e1rios e orienta\u00e7\u00e3o \u00e0 popula\u00e7\u00e3o.<\/p>\n<p>O servi\u00e7o de fiscaliza\u00e7\u00e3o das filas nas ag\u00eancias banc\u00e1rias, ter\u00e3o prosseguimento nesta sexta-feira (7), onde h\u00e1 mais movimento nos bancos, por ser o quinto dia \u00fatil do m\u00eas. A atua\u00e7\u00e3o da equipe ser\u00e1 das 8 \u00e0s 14h00.<\/p>\n","protected":false},"excerpt":{"rendered":"<p>Nessa quinta-feira (6), a equipe de fiscaliza\u00e7\u00e3o formada pelas secretarias de Meio Ambiente e Ordenamento Urbano (Semaur), de Seguran\u00e7a Urbana e Cidadania (Sesuc), por meio da Guarda Municipal, e de Transporte e Tr\u00e2nsito (Settra) e Ag\u00eancia de Prote\u00e7\u00e3o e Defesa do Consumidor (Procon\/JF), fizeram vistorias em 24 ag\u00eancias banc\u00e1rias em Juiz de Fora. O objetivo [&hellip;]<\/p>\n","protected":false},"author":96,"featured_media":166232,"comment_status":"closed","ping_status":"closed","sticky":false,"template":"","format":"standard","meta":{"footnotes":""},"categories":[253,436,439],"tags":[],"class_list":["post-166231","post","type-post","status-publish","format-standard","has-post-thumbnail","hentry","category-cidade","category-destaque-da-semana","category-ultima-hora"],"_links":{"self":[{"href":"https:\/\/diarioregionaldigital.com.br\/index.php?rest_route=\/wp\/v2\/posts\/166231","targetHints":{"allow":["GET"]}}],"collection":[{"href":"https:\/\/diarioregionaldigital.com.br\/index.php?rest_route=\/wp\/v2\/posts"}],"about":[{"href":"https:\/\/diarioregionaldigital.com.br\/index.php?rest_route=\/wp\/v2\/types\/post"}],"author":[{"embeddable":true,"href":"https:\/\/diarioregionaldigital.com.br\/index.php?rest_route=\/wp\/v2\/users\/96"}],"replies":[{"embeddable":true,"href":"https:\/\/diarioregionaldigital.com.br\/index.php?rest_route=%2Fwp%2Fv2%2Fcomments&post=166231"}],"version-history":[{"count":0,"href":"https:\/\/diarioregionaldigital.com.br\/index.php?rest_route=\/wp\/v2\/posts\/166231\/revisions"}],"wp:featuredmedia":[{"embeddable":true,"href":"https:\/\/diarioregionaldigital.com.br\/index.php?rest_route=\/wp\/v2\/media\/166232"}],"wp:attachment":[{"href":"https:\/\/diarioregionaldigital.com.br\/index.php?rest_route=%2Fwp%2Fv2%2Fmedia&parent=166231"}],"wp:term":[{"taxonomy":"category","embeddable":true,"href":"https:\/\/diarioregionaldigital.com.br\/index.php?rest_route=%2Fwp%2Fv2%2Fcategories&post=166231"},{"taxonomy":"post_tag","embeddable":true,"href":"https:\/\/diarioregionaldigital.com.br\/index.php?rest_route=%2Fwp%2Fv2%2Ftags&post=166231"}],"curies":[{"name":"wp","href":"https:\/\/api.w.org\/{rel}","templated":true}]}}