{"id":166228,"date":"2020-08-06T18:09:54","date_gmt":"2020-08-06T21:09:54","guid":{"rendered":"https:\/\/diarioregionaldigital.com.br\/?p=166228"},"modified":"2020-08-06T18:09:54","modified_gmt":"2020-08-06T21:09:54","slug":"prefeito-antonio-almas-confere-situacao-do-lago-do-museu-mariano-procopio","status":"publish","type":"post","link":"https:\/\/diarioregionaldigital.com.br\/?p=166228","title":{"rendered":"Prefeito Ant\u00f4nio Almas confere situa\u00e7\u00e3o do lago do Museu Mariano Proc\u00f3pio"},"content":{"rendered":"<p><span style=\"font-weight: 400;\">O Prefeito de Juiz de Fora, Ant\u00f4nio Almas (PSDB), esteve presente na tarde de quarta-feira (5), para fazer vistoria na lagoa do Museu Mariano Proc\u00f3pio. Acompanhado do diretor da institui\u00e7\u00e3o, Ant\u00f4nio Carlos Duarte, e do gerente do Departamento de Parque e Edifica\u00e7\u00f5es (Depae), Alexandre Fonseca, ele conferiu a situa\u00e7\u00e3o do lago, que apresenta melhoria, ap\u00f3s uso de recursos naturais que contribu\u00edram para redu\u00e7\u00e3o de algas, que tornavam a \u00e1gua esverdeada.<\/span><\/p>\n<p><span style=\"font-weight: 400;\">A equipe do Depae tem acompanhado a redu\u00e7\u00e3o do volume de algas na l\u00e2mina da \u00e1gua e para isso, foram colocadas aguap\u00e9s (Eichhornia crassipes), planta capaz de eliminar poluentes org\u00e2nicos, em algumas partes do lago. Segundo Fonseca, a atividade segue em car\u00e1ter experimental: \u201cO aguap\u00e9 n\u00e3o elimina a alga, mas entra em concorr\u00eancia com ela, alimentando-se dos nutrientes presentes na \u00e1gua do lago, enfraquecendo a cianobact\u00e9ria\u201d.<\/span><\/p>\n<p><span style=\"font-weight: 400;\">Segundo Ant\u00f4nio Almas, o resultado positivo da iniciativa atende \u00e0 demanda encaminhada pela popula\u00e7\u00e3o, j\u00e1 que o parque do Museu recebe grande p\u00fablico para visitas e caminhadas. Al\u00e9m da quest\u00e3o est\u00e9tica, o odor gerado pela decomposi\u00e7\u00e3o da alga era uma das principais reclama\u00e7\u00f5es sobre a \u00e1rea.<\/span><\/p>\n<p>&nbsp;<\/p>\n","protected":false},"excerpt":{"rendered":"<p>O Prefeito de Juiz de Fora, Ant\u00f4nio Almas (PSDB), esteve presente na tarde de quarta-feira (5), para fazer vistoria na lagoa do Museu Mariano Proc\u00f3pio. Acompanhado do diretor da institui\u00e7\u00e3o, Ant\u00f4nio Carlos Duarte, e do gerente do Departamento de Parque e Edifica\u00e7\u00f5es (Depae), Alexandre Fonseca, ele conferiu a situa\u00e7\u00e3o do lago, que apresenta melhoria, ap\u00f3s [&hellip;]<\/p>\n","protected":false},"author":96,"featured_media":166229,"comment_status":"closed","ping_status":"closed","sticky":false,"template":"","format":"standard","meta":{"footnotes":""},"categories":[253,436,439],"tags":[],"class_list":["post-166228","post","type-post","status-publish","format-standard","has-post-thumbnail","hentry","category-cidade","category-destaque-da-semana","category-ultima-hora"],"_links":{"self":[{"href":"https:\/\/diarioregionaldigital.com.br\/index.php?rest_route=\/wp\/v2\/posts\/166228","targetHints":{"allow":["GET"]}}],"collection":[{"href":"https:\/\/diarioregionaldigital.com.br\/index.php?rest_route=\/wp\/v2\/posts"}],"about":[{"href":"https:\/\/diarioregionaldigital.com.br\/index.php?rest_route=\/wp\/v2\/types\/post"}],"author":[{"embeddable":true,"href":"https:\/\/diarioregionaldigital.com.br\/index.php?rest_route=\/wp\/v2\/users\/96"}],"replies":[{"embeddable":true,"href":"https:\/\/diarioregionaldigital.com.br\/index.php?rest_route=%2Fwp%2Fv2%2Fcomments&post=166228"}],"version-history":[{"count":0,"href":"https:\/\/diarioregionaldigital.com.br\/index.php?rest_route=\/wp\/v2\/posts\/166228\/revisions"}],"wp:featuredmedia":[{"embeddable":true,"href":"https:\/\/diarioregionaldigital.com.br\/index.php?rest_route=\/wp\/v2\/media\/166229"}],"wp:attachment":[{"href":"https:\/\/diarioregionaldigital.com.br\/index.php?rest_route=%2Fwp%2Fv2%2Fmedia&parent=166228"}],"wp:term":[{"taxonomy":"category","embeddable":true,"href":"https:\/\/diarioregionaldigital.com.br\/index.php?rest_route=%2Fwp%2Fv2%2Fcategories&post=166228"},{"taxonomy":"post_tag","embeddable":true,"href":"https:\/\/diarioregionaldigital.com.br\/index.php?rest_route=%2Fwp%2Fv2%2Ftags&post=166228"}],"curies":[{"name":"wp","href":"https:\/\/api.w.org\/{rel}","templated":true}]}}