{"id":166222,"date":"2020-08-06T16:58:56","date_gmt":"2020-08-06T19:58:56","guid":{"rendered":"https:\/\/diarioregionaldigital.com.br\/?p=166222"},"modified":"2020-08-06T16:58:56","modified_gmt":"2020-08-06T19:58:56","slug":"romeu-zema-anuncia-que-mineiros-nao-terao-reajuste-na-conta-de-energia-eletrica-da-cemig-em-2020","status":"publish","type":"post","link":"https:\/\/diarioregionaldigital.com.br\/?p=166222","title":{"rendered":"Romeu Zema anuncia que mineiros n\u00e3o ter\u00e3o reajuste na conta de energia el\u00e9trica da Cemig em 2020"},"content":{"rendered":"<p>O aumento de 4,27% aplicado nas contas de energia el\u00e9trica enviadas pela\u00a0Cemig\u00a0em maio n\u00e3o ir\u00e1 vigorar. O comunicado foi feito nesta quinta-feira (6\/8) pelo governador Romeu Zema, em coletiva de imprensa virtual transmitida pelas redes sociais.<\/p>\n<p>O cancelamento do aumento, referente ao reajuste anual feito pela companhia, aconteceu em negocia\u00e7\u00e3o entre o Executivo mineiro e a presid\u00eancia da empresa.<\/p>\n<p>Zema ressaltou que a medida faz parte do esfor\u00e7o do\u00a0Governo de Minas\u00a0para amenizar os impactos da pandemia na vida dos mineiros.<\/p>\n<p>\u201cSabemos que muitos perderam o emprego, perderam renda. E faremos tudo o que pudermos para ajudar as fam\u00edlias. Conversei com o presidente da Cemig e, na \u00faltima reuni\u00e3o do Conselho de administra\u00e7\u00e3o da empresa, ficou decidido que o aumento de 4,27% aplicado nas contas de maio n\u00e3o ir\u00e1 vigorar. O mineiro n\u00e3o ter\u00e1 reajuste na conta de energia el\u00e9trica este ano, como aconteceu nos anos anteriores\u201d, explicou.<\/p>\n<p><strong>Pequenas empresas<\/strong><\/p>\n<p>Ele tamb\u00e9m ressaltou que a medida deve beneficiar pequenos empres\u00e1rios. \u201cSabemos que os pequenos empreendedores tamb\u00e9m foram duramente atingidos pela pandemia e a manuten\u00e7\u00e3o dos valores das contas de luz vai ajudar a aliviar as despesas\u201d, disse.<\/p>\n<p>O impacto da perda de arrecada\u00e7\u00e3o referente ao reajuste tarif\u00e1rio ser\u00e1 amenizado pela entrada de R$ 714 milh\u00f5es nos cofres da companhia, referentes \u00e0 vit\u00f3ria da Cemig em disputa tribut\u00e1ria judicial\u00a0que questionou a inclus\u00e3o do PIS-Pasep\/Confins na base de c\u00e1lculo do ICMS das faturas de energia.<\/p>\n<p>A solicita\u00e7\u00e3o de cancelamento do reajuste j\u00e1 foi enviada \u00e0 Ag\u00eancia Nacional de Energia El\u00e9trica (Aneel), para ser analisada e deliberada pela diretoria da ag\u00eancia.<\/p>\n<p><strong>Fonte:\u00a0<\/strong>Ag\u00eancia Minas<\/p>\n","protected":false},"excerpt":{"rendered":"<p>O aumento de 4,27% aplicado nas contas de energia el\u00e9trica enviadas pela\u00a0Cemig\u00a0em maio n\u00e3o ir\u00e1 vigorar. O comunicado foi feito nesta quinta-feira (6\/8) pelo governador Romeu Zema, em coletiva de imprensa virtual transmitida pelas redes sociais. O cancelamento do aumento, referente ao reajuste anual feito pela companhia, aconteceu em negocia\u00e7\u00e3o entre o Executivo mineiro e [&hellip;]<\/p>\n","protected":false},"author":96,"featured_media":166223,"comment_status":"closed","ping_status":"closed","sticky":false,"template":"","format":"standard","meta":{"footnotes":""},"categories":[436,261,439],"tags":[],"class_list":["post-166222","post","type-post","status-publish","format-standard","has-post-thumbnail","hentry","category-destaque-da-semana","category-economia","category-ultima-hora"],"_links":{"self":[{"href":"https:\/\/diarioregionaldigital.com.br\/index.php?rest_route=\/wp\/v2\/posts\/166222","targetHints":{"allow":["GET"]}}],"collection":[{"href":"https:\/\/diarioregionaldigital.com.br\/index.php?rest_route=\/wp\/v2\/posts"}],"about":[{"href":"https:\/\/diarioregionaldigital.com.br\/index.php?rest_route=\/wp\/v2\/types\/post"}],"author":[{"embeddable":true,"href":"https:\/\/diarioregionaldigital.com.br\/index.php?rest_route=\/wp\/v2\/users\/96"}],"replies":[{"embeddable":true,"href":"https:\/\/diarioregionaldigital.com.br\/index.php?rest_route=%2Fwp%2Fv2%2Fcomments&post=166222"}],"version-history":[{"count":0,"href":"https:\/\/diarioregionaldigital.com.br\/index.php?rest_route=\/wp\/v2\/posts\/166222\/revisions"}],"wp:featuredmedia":[{"embeddable":true,"href":"https:\/\/diarioregionaldigital.com.br\/index.php?rest_route=\/wp\/v2\/media\/166223"}],"wp:attachment":[{"href":"https:\/\/diarioregionaldigital.com.br\/index.php?rest_route=%2Fwp%2Fv2%2Fmedia&parent=166222"}],"wp:term":[{"taxonomy":"category","embeddable":true,"href":"https:\/\/diarioregionaldigital.com.br\/index.php?rest_route=%2Fwp%2Fv2%2Fcategories&post=166222"},{"taxonomy":"post_tag","embeddable":true,"href":"https:\/\/diarioregionaldigital.com.br\/index.php?rest_route=%2Fwp%2Fv2%2Ftags&post=166222"}],"curies":[{"name":"wp","href":"https:\/\/api.w.org\/{rel}","templated":true}]}}