{"id":166219,"date":"2020-08-06T16:56:44","date_gmt":"2020-08-06T19:56:44","guid":{"rendered":"https:\/\/diarioregionaldigital.com.br\/?p=166219"},"modified":"2020-08-06T16:56:44","modified_gmt":"2020-08-06T19:56:44","slug":"secretarios-de-estado-se-reunem-com-prefeitos-para-discutir-o-minas-consciente","status":"publish","type":"post","link":"https:\/\/diarioregionaldigital.com.br\/?p=166219","title":{"rendered":"Secret\u00e1rios de Estado se re\u00fanem com prefeitos para discutir o Minas Consciente"},"content":{"rendered":"<p>O secret\u00e1rio de Estado de\u00a0Governo, Igor Eto, o secret\u00e1rio adjunto de\u00a0Desenvolvimento Econ\u00f4mico, Fernando Passalio, o chefe de gabinete da\u00a0Secretaria de Estado de Sa\u00fade, Jo\u00e3o Pinho, e a diretora-geral da\u00a0Ag\u00eancia de Desenvolvimento da Regi\u00e3o Metropolitana de Belo Horizonte, Mila Costa, se reuniram, nesta quinta-feira (6\/8), com os prefeitos da Associa\u00e7\u00e3o dos Munic\u00edpios da Regi\u00e3o Metropolitana de Belo Horizonte (Granbel)\u00ad para discutir as mudan\u00e7as no\u00a0plano Minas Consciente. A oportunidade tamb\u00e9m foi importante para o esclarecimento de d\u00favidas e avalia\u00e7\u00e3o de sugest\u00f5es.<\/p>\n<p>Recentemente, ap\u00f3s consulta p\u00fablica, o plano Minas Consciente passou por aprimoramento que contou com a participa\u00e7\u00e3o da sociedade mineira, da Associa\u00e7\u00e3o Mineira de Munic\u00edpios (AMM), do Minist\u00e9rio P\u00fablico do Estado de Minas Gerais (MPMG), entre outros. Foram analisadas 630 contribui\u00e7\u00f5es, que resultaram em um dos programas mais inovadores e participativos do pa\u00eds.<\/p>\n<p>O secret\u00e1rio de Governo, Igor Eto, ressaltou que, apesar da gravidade da pandemia, os n\u00fameros de Minas Gerais demonstram que o trabalho de todos &#8211;\u00a0Governo do Estado\u00a0e prefeituras &#8211; vem rendendo bons frutos.<\/p>\n<p>\u201cTemos que lidar com 853 munic\u00edpios, 14 macrorregi\u00f5es e 89 microrregi\u00f5es, com situa\u00e7\u00f5es extremamente heterog\u00eaneas e espec\u00edficas e o Minas Consciente foi um plano feito para dar direcionamento. Todo o nosso esfor\u00e7o \u00e9 de encontrar o equil\u00edbrio entre a sa\u00fade e a economia. Somente juntos vamos conseguir vencer essa pandemia\u201d, disse.<\/p>\n<p><b>Autonomia \u00e0s prefeituras<\/b><\/p>\n<p>Com as altera\u00e7\u00f5es, a partir deste s\u00e1bado (8\/8), 362 cidades mineiras com menos de 30 mil habitantes poder\u00e3o avan\u00e7ar automaticamente para a onda amarela do plano Minas Consciente. No entanto, essa progress\u00e3o ser\u00e1 liberada somente para munic\u00edpios que registrarem menos de 50 casos de covid-19\u00a0por 100 mil habitantes nos \u00faltimos 14 dias. Aqueles que se enquadrem nessa situa\u00e7\u00e3o, poder\u00e3o reabrir servi\u00e7os n\u00e3o essenciais.<\/p>\n<p>Os munic\u00edpios que n\u00e3o atendem a esses requisitos dever\u00e3o respeitar as indica\u00e7\u00f5es de ondas para as macro ou microrregi\u00f5es, cabendo aos prefeitos decidirem por qual diretriz ir\u00e3o optar.<\/p>\n<p>O secret\u00e1rio adjunto de Desenvolvimento Econ\u00f4mico, Fernando Passalio, esclareceu por\u00a0que alguns munic\u00edpios que t\u00eam a pandemia controlada est\u00e3o sem poder flexibilizar alguns setores do com\u00e9rcio.<\/p>\n<p>\u201cQuando a gente fala em abrir ou fechar, em avan\u00e7o ou regress\u00e3o de ondas, estamos nos referindo \u00e0 determinada microrregi\u00e3o. N\u00e3o existe uma an\u00e1lise por munic\u00edpio. Muitas vezes, o munic\u00edpio est\u00e1 bem, por\u00e9m, a microrregi\u00e3o dele n\u00e3o. E um munic\u00edpio complementa a estrutura hospitalar do outro. Quando a gente analisa por munic\u00edpio realmente pode dar a impress\u00e3o que h\u00e1 essa distor\u00e7\u00e3o, mas ela n\u00e3o existe quando a gente aumenta o foco de an\u00e1lise. O que \u00e9 analisado n\u00e3o \u00e9 o munic\u00edpio, e sim a estrutura de sa\u00fade para atender, e a estrutura n\u00e3o \u00e9 municipal, ela \u00e9 por regi\u00e3o\u201d, explica.<\/p>\n<p>Participaram do encontro o presidente da Granbel e prefeito de Nova Lima, Vitor Penido, e representantes de outras 20 cidades (Vespasiano, Ribeir\u00e3o das Neves, Florestal, Itaguara, Brumadinho, Caet\u00e9, Capim Branco, Esmeraldas, Ibirit\u00e9, Igarap\u00e9, Itatiaiu\u00e7u, Jaboticatubas, Juatuba, M\u00e1rio Campos, Matozinhos, Nova Uni\u00e3o, Raposos, Rio Acima, S\u00e3o Joaquim de Bicas e Sarzedo).<\/p>\n<p>Atualmente, 400 munic\u00edpios fizeram, oficialmente, a ades\u00e3o ao Minas Consciente, o que representa um alcance de 10 milh\u00f5es de habitantes.<\/p>\n<p><strong>Fonte:\u00a0<\/strong>Ag\u00eancia Brasil<\/p>\n","protected":false},"excerpt":{"rendered":"<p>O secret\u00e1rio de Estado de\u00a0Governo, Igor Eto, o secret\u00e1rio adjunto de\u00a0Desenvolvimento Econ\u00f4mico, Fernando Passalio, o chefe de gabinete da\u00a0Secretaria de Estado de Sa\u00fade, Jo\u00e3o Pinho, e a diretora-geral da\u00a0Ag\u00eancia de Desenvolvimento da Regi\u00e3o Metropolitana de Belo Horizonte, Mila Costa, se reuniram, nesta quinta-feira (6\/8), com os prefeitos da Associa\u00e7\u00e3o dos Munic\u00edpios da Regi\u00e3o Metropolitana de [&hellip;]<\/p>\n","protected":false},"author":96,"featured_media":166220,"comment_status":"closed","ping_status":"closed","sticky":false,"template":"","format":"standard","meta":{"footnotes":""},"categories":[436,252,439],"tags":[],"class_list":["post-166219","post","type-post","status-publish","format-standard","has-post-thumbnail","hentry","category-destaque-da-semana","category-regiao","category-ultima-hora"],"_links":{"self":[{"href":"https:\/\/diarioregionaldigital.com.br\/index.php?rest_route=\/wp\/v2\/posts\/166219","targetHints":{"allow":["GET"]}}],"collection":[{"href":"https:\/\/diarioregionaldigital.com.br\/index.php?rest_route=\/wp\/v2\/posts"}],"about":[{"href":"https:\/\/diarioregionaldigital.com.br\/index.php?rest_route=\/wp\/v2\/types\/post"}],"author":[{"embeddable":true,"href":"https:\/\/diarioregionaldigital.com.br\/index.php?rest_route=\/wp\/v2\/users\/96"}],"replies":[{"embeddable":true,"href":"https:\/\/diarioregionaldigital.com.br\/index.php?rest_route=%2Fwp%2Fv2%2Fcomments&post=166219"}],"version-history":[{"count":0,"href":"https:\/\/diarioregionaldigital.com.br\/index.php?rest_route=\/wp\/v2\/posts\/166219\/revisions"}],"wp:featuredmedia":[{"embeddable":true,"href":"https:\/\/diarioregionaldigital.com.br\/index.php?rest_route=\/wp\/v2\/media\/166220"}],"wp:attachment":[{"href":"https:\/\/diarioregionaldigital.com.br\/index.php?rest_route=%2Fwp%2Fv2%2Fmedia&parent=166219"}],"wp:term":[{"taxonomy":"category","embeddable":true,"href":"https:\/\/diarioregionaldigital.com.br\/index.php?rest_route=%2Fwp%2Fv2%2Fcategories&post=166219"},{"taxonomy":"post_tag","embeddable":true,"href":"https:\/\/diarioregionaldigital.com.br\/index.php?rest_route=%2Fwp%2Fv2%2Ftags&post=166219"}],"curies":[{"name":"wp","href":"https:\/\/api.w.org\/{rel}","templated":true}]}}