{"id":166216,"date":"2020-08-06T15:58:30","date_gmt":"2020-08-06T18:58:30","guid":{"rendered":"https:\/\/diarioregionaldigital.com.br\/?p=166216"},"modified":"2020-08-06T15:58:30","modified_gmt":"2020-08-06T18:58:30","slug":"suspeitos-por-praticarem-fraude-processual-sao-presos-pela-policia-civil","status":"publish","type":"post","link":"https:\/\/diarioregionaldigital.com.br\/?p=166216","title":{"rendered":"Suspeitos por praticarem fraude processual s\u00e3o presos pela Pol\u00edcia Civil"},"content":{"rendered":"<p><span style=\"font-weight: 400;\">A Pol\u00edcia Civil de Minas Gerais (PCMG), prendeu na quarta-feira (5) na Zona Norte de Juiz de Fora, dois homens de 27 e 33 anos, suspeitos de envolvimento na pr\u00e1tica de crime processual. Os dois infratores eram investigados p<\/span><span style=\"font-weight: 400;\">ela Delegacia Especializada de Repress\u00e3o a Roubos (DERR) por suspeita de participa\u00e7\u00e3o em um roubo, ocorrido no dia 11 de junho, no Bairro Alto dos Passos (Regi\u00e3o Central). No referido dia, a v\u00edtima foi mantida ref\u00e9m dentro de sua resid\u00eancia e os infratores roubaram diversos rel\u00f3gios, telefones celulares e outros produtos avaliados em R$ 80 mil.<\/span><\/p>\n<p><span style=\"font-weight: 400;\">De acordo com informa\u00e7\u00f5es do Delegado Carlos Eduardo Santos Rodrigues, os investigados teriam se passado por compradores de produtos eletr\u00f4nicos de uma loja virtual. Um dos suspeitos teria marcado, pelo aplicativo WhatsApp, de buscar o produto, o qual seria um telefone:<\/span><\/p>\n<p><span style=\"font-weight: 400;\">\u00a0\u201cChegando ao local, quando a v\u00edtima, dona da loja, abriu o port\u00e3o, foi abordada por dois suspeitos. Ela foi amorda\u00e7ada, trancada em um banheiro e eles roubaram os materiais\u201d, contou.\u00a0<\/span><\/p>\n<p><span style=\"font-weight: 400;\">A autoridade policial explica que durante o processo de investiga\u00e7\u00f5es e an\u00e1lises das c\u00e2meras de seguran\u00e7a da resid\u00eancia onde a v\u00edtima foi rendida,\u00a0 foi poss\u00edvel identificar o ve\u00edculo que teria sido usado na fuga dos indiv\u00edduos no dia em que ocorreu o crime:<\/span><\/p>\n<p><span style=\"font-weight: 400;\">\u00a0\u201cO propriet\u00e1rio do carro, 33 anos, tamb\u00e9m foi identificado e reconhecido como sendo um dos autores. Ele foi abordado nesta semana pela equipe de policiais civis conduzindo o autom\u00f3vel e estaria com um dos rel\u00f3gios roubados da v\u00edtima, al\u00e9m de uma por\u00e7\u00e3o de maconha para consumo pr\u00f3prio. Na resid\u00eancia do autor, ainda foram apreendidos oito rel\u00f3gios. O carro foi encaminhado \u00e0 per\u00edcia\u201d relata o Delegado, reiterando que o suspeito n\u00e3o havia sido preso pelo roubo ocorrido em junho, pois n\u00e3o estava em situa\u00e7\u00e3o flagrante. Entretanto, as investiga\u00e7\u00f5es continuaram.<\/span><\/p>\n<p><span style=\"font-weight: 400;\">Na quarta-feira (5), os policiais civis obtiveram \u00eaxito em localizar e prender os dois autores, envolvidos no crime:<\/span><\/p>\n<p><span style=\"font-weight: 400;\">\u201cApura\u00e7\u00f5es indicaram que uma pessoa teria entrado em contato com a v\u00edtima, por meio do aplicativo WhatsApp, querendo comprar um rel\u00f3gio da mesma marca daquele que foi localizado com um dos investigados. E essa pessoa teria solicitado uma nota fiscal com data retroativa. Na entrega do documento, na Zona Sul da cidade, os policiais conseguiram abordar novamente o suspeito e o outro indiv\u00edduo que, posteriormente, tamb\u00e9m foi reconhecido por participa\u00e7\u00e3o no roubo\u201d, disse.\u00a0<\/span><\/p>\n<p><span style=\"font-weight: 400;\">A autoridade policial tamb\u00e9m explicou detalhes sobre o objetivo dos investigados ao solicitar o documento:<\/span><\/p>\n<p><span style=\"font-weight: 400;\">\u201cInvestiga\u00e7\u00f5es apontam que seria para obter uma nota fiscal do rel\u00f3gio, que j\u00e1 estava na posse de um deles, para juntar aos autos e fazer prova a favor dele, no entanto, isso j\u00e1 foi comunicado ao ju\u00edzo no flagrante com c\u00f3pia do inqu\u00e9rito policial relacionado ao crime de roubo\u201d, concluiu.<\/span><\/p>\n<p><span style=\"font-weight: 400;\">Al\u00e9m disso, durante as dilig\u00eancias, os policiais civis apreenderam quatro celulares, nove rel\u00f3gios, uma c\u00e2mera fotogr\u00e1fica, o referido ve\u00edculo e dinheiro. Diante dos fatos, os autores foram presos em flagrante pelo crime de fraude processual e ser\u00e3o indiciados pelo delito de roubo majorado e por fraude processual. Somadas, as penas podem chegar a 17 anos. Eles foram encaminhados ao sistema prisional, permanecendo \u00e0 disposi\u00e7\u00e3o da Justi\u00e7a.<\/span><\/p>\n<p><span style=\"font-weight: 400;\">\u00a0<\/span><\/p>\n","protected":false},"excerpt":{"rendered":"<p>A Pol\u00edcia Civil de Minas Gerais (PCMG), prendeu na quarta-feira (5) na Zona Norte de Juiz de Fora, dois homens de 27 e 33 anos, suspeitos de envolvimento na pr\u00e1tica de crime processual. Os dois infratores eram investigados pela Delegacia Especializada de Repress\u00e3o a Roubos (DERR) por suspeita de participa\u00e7\u00e3o em um roubo, ocorrido no [&hellip;]<\/p>\n","protected":false},"author":96,"featured_media":166217,"comment_status":"closed","ping_status":"closed","sticky":false,"template":"","format":"standard","meta":{"footnotes":""},"categories":[301,436,439],"tags":[],"class_list":["post-166216","post","type-post","status-publish","format-standard","has-post-thumbnail","hentry","category-artigos-policiais","category-destaque-da-semana","category-ultima-hora"],"_links":{"self":[{"href":"https:\/\/diarioregionaldigital.com.br\/index.php?rest_route=\/wp\/v2\/posts\/166216","targetHints":{"allow":["GET"]}}],"collection":[{"href":"https:\/\/diarioregionaldigital.com.br\/index.php?rest_route=\/wp\/v2\/posts"}],"about":[{"href":"https:\/\/diarioregionaldigital.com.br\/index.php?rest_route=\/wp\/v2\/types\/post"}],"author":[{"embeddable":true,"href":"https:\/\/diarioregionaldigital.com.br\/index.php?rest_route=\/wp\/v2\/users\/96"}],"replies":[{"embeddable":true,"href":"https:\/\/diarioregionaldigital.com.br\/index.php?rest_route=%2Fwp%2Fv2%2Fcomments&post=166216"}],"version-history":[{"count":0,"href":"https:\/\/diarioregionaldigital.com.br\/index.php?rest_route=\/wp\/v2\/posts\/166216\/revisions"}],"wp:featuredmedia":[{"embeddable":true,"href":"https:\/\/diarioregionaldigital.com.br\/index.php?rest_route=\/wp\/v2\/media\/166217"}],"wp:attachment":[{"href":"https:\/\/diarioregionaldigital.com.br\/index.php?rest_route=%2Fwp%2Fv2%2Fmedia&parent=166216"}],"wp:term":[{"taxonomy":"category","embeddable":true,"href":"https:\/\/diarioregionaldigital.com.br\/index.php?rest_route=%2Fwp%2Fv2%2Fcategories&post=166216"},{"taxonomy":"post_tag","embeddable":true,"href":"https:\/\/diarioregionaldigital.com.br\/index.php?rest_route=%2Fwp%2Fv2%2Ftags&post=166216"}],"curies":[{"name":"wp","href":"https:\/\/api.w.org\/{rel}","templated":true}]}}