{"id":166212,"date":"2020-08-06T15:03:24","date_gmt":"2020-08-06T18:03:24","guid":{"rendered":"https:\/\/diarioregionaldigital.com.br\/?p=166212"},"modified":"2020-08-06T15:03:24","modified_gmt":"2020-08-06T18:03:24","slug":"conmebol-altera-regulamentos-da-libertadores-e-sul-americana","status":"publish","type":"post","link":"https:\/\/diarioregionaldigital.com.br\/?p=166212","title":{"rendered":"Conmebol altera regulamentos da Libertadores e Sul-Americana"},"content":{"rendered":"<p><span style=\"font-weight: 400;\">A Confedera\u00e7\u00e3o Sul-Americana de Futebol (Conmebol), anunciou nesta quinta-feira (6), uma s\u00e9rie de mudan\u00e7as nos regulamentos da Ta\u00e7a Libertadores e Copa Sul-Americana. As altera\u00e7\u00f5es visam a retomada das duas competi\u00e7\u00f5es, dentro do contexto da pandemia do Coronav\u00edrus.\u00a0<\/span><\/p>\n<p><span style=\"font-weight: 400;\">Dentre as mudan\u00e7as estabelecidas, est\u00e3o: inscri\u00e7\u00e3o dos jogadores, a possibilidade de cinco substitui\u00e7\u00f5es, e sobre a defini\u00e7\u00e3o do quadro de arbitragem das partidas. O conselho da entidade m\u00e1xima do futebol sul-americano determinou que para as duas competi\u00e7\u00f5es, os jogadores podem defender mais de dois clubes na mesma temporada. Al\u00e9m disso, um atleta que trocou de time poder\u00e1 voltar para a sua equipe original e disputar a mesma edi\u00e7\u00e3o do torneio em que ela estiver inscrita. Al\u00e9m disso, a CONMEBOL liberou inscri\u00e7\u00e3o do jogador para qualquer fase dos torneios.<\/span><\/p>\n<p><span style=\"font-weight: 400;\">Foi aprovado tamb\u00e9m a regra das 5 substitui\u00e7\u00f5es durante o jogo, como forma de preservar a integridade f\u00edsica dos atletas. Esta regra j\u00e1 entrou em vigor em outros campeonatos de futebol no mundo.\u00a0<\/span><\/p>\n<p><span style=\"font-weight: 400;\">Outra novidade aprovada pelo conselho da Conmebol, \u00e9 referente a escolha da arbitragem. Tanto na Libertadores quanto na Sul-Americana, ser\u00e3o permitidos \u00e1rbitros do pa\u00eds do time mandante, em caso de extrema necessidade, ou o quadro pode ser composto por integrantes de diferentes nacionalidades. Objetivo dessa nova medida \u00e9 uma forma de superar as limita\u00e7\u00f5es impostas por regras sanit\u00e1rias.<\/span><\/p>\n<p><span style=\"font-weight: 400;\">A Ta\u00e7a Libertadores da Am\u00e9rica est\u00e1 prevista para ser retomada no dia 15 de setembro e a Copa Sul-Americana deve voltar no dia 27 de outubro.\u00a0 A confedera\u00e7\u00e3o vai distribuir mais de US$ 93 milh\u00f5es aos clubes para ajudar na quest\u00e3o das viagens.\u00a0<\/span><\/p>\n","protected":false},"excerpt":{"rendered":"<p>A Confedera\u00e7\u00e3o Sul-Americana de Futebol (Conmebol), anunciou nesta quinta-feira (6), uma s\u00e9rie de mudan\u00e7as nos regulamentos da Ta\u00e7a Libertadores e Copa Sul-Americana. As altera\u00e7\u00f5es visam a retomada das duas competi\u00e7\u00f5es, dentro do contexto da pandemia do Coronav\u00edrus.\u00a0 Dentre as mudan\u00e7as estabelecidas, est\u00e3o: inscri\u00e7\u00e3o dos jogadores, a possibilidade de cinco substitui\u00e7\u00f5es, e sobre a defini\u00e7\u00e3o do [&hellip;]<\/p>\n","protected":false},"author":96,"featured_media":166213,"comment_status":"closed","ping_status":"closed","sticky":false,"template":"","format":"standard","meta":{"footnotes":""},"categories":[436,257,439],"tags":[],"class_list":["post-166212","post","type-post","status-publish","format-standard","has-post-thumbnail","hentry","category-destaque-da-semana","category-esporte","category-ultima-hora"],"_links":{"self":[{"href":"https:\/\/diarioregionaldigital.com.br\/index.php?rest_route=\/wp\/v2\/posts\/166212","targetHints":{"allow":["GET"]}}],"collection":[{"href":"https:\/\/diarioregionaldigital.com.br\/index.php?rest_route=\/wp\/v2\/posts"}],"about":[{"href":"https:\/\/diarioregionaldigital.com.br\/index.php?rest_route=\/wp\/v2\/types\/post"}],"author":[{"embeddable":true,"href":"https:\/\/diarioregionaldigital.com.br\/index.php?rest_route=\/wp\/v2\/users\/96"}],"replies":[{"embeddable":true,"href":"https:\/\/diarioregionaldigital.com.br\/index.php?rest_route=%2Fwp%2Fv2%2Fcomments&post=166212"}],"version-history":[{"count":0,"href":"https:\/\/diarioregionaldigital.com.br\/index.php?rest_route=\/wp\/v2\/posts\/166212\/revisions"}],"wp:featuredmedia":[{"embeddable":true,"href":"https:\/\/diarioregionaldigital.com.br\/index.php?rest_route=\/wp\/v2\/media\/166213"}],"wp:attachment":[{"href":"https:\/\/diarioregionaldigital.com.br\/index.php?rest_route=%2Fwp%2Fv2%2Fmedia&parent=166212"}],"wp:term":[{"taxonomy":"category","embeddable":true,"href":"https:\/\/diarioregionaldigital.com.br\/index.php?rest_route=%2Fwp%2Fv2%2Fcategories&post=166212"},{"taxonomy":"post_tag","embeddable":true,"href":"https:\/\/diarioregionaldigital.com.br\/index.php?rest_route=%2Fwp%2Fv2%2Ftags&post=166212"}],"curies":[{"name":"wp","href":"https:\/\/api.w.org\/{rel}","templated":true}]}}