{"id":166209,"date":"2020-08-06T14:50:10","date_gmt":"2020-08-06T17:50:10","guid":{"rendered":"https:\/\/diarioregionaldigital.com.br\/?p=166209"},"modified":"2020-08-06T14:50:10","modified_gmt":"2020-08-06T17:50:10","slug":"atletico-mg-e-tombense-se-classificam-para-a-final-do-campeonato-mineiro","status":"publish","type":"post","link":"https:\/\/diarioregionaldigital.com.br\/?p=166209","title":{"rendered":"Atl\u00e9tico-MG e Tombense se classificam para a final do Campeonato Mineiro"},"content":{"rendered":"<p><span style=\"font-weight: 400;\">As equipes do Atl\u00e9tico-MG e Tombense, far\u00e3o os dois jogos da grande decis\u00e3o do Campeonato Mineiro 2020. O confronto foi definido nessa quarta-feira (6), ap\u00f3s os dois times derrotarem a Caldense e Am\u00e9rica-MG respectivamente. Al\u00e9m disso, o time de tombos disputar\u00e1 uma decis\u00e3o de estadual pela primeira vez em sua hist\u00f3ria.<\/span><\/p>\n<p><span style=\"font-weight: 400;\">O primeiro jogo da semifinal foi na tarde de quarta-feira, na Arena Independ\u00eancia em Belo Horizonte, onde Tombense e Caldense se enfrentaram em busca de uma das vagas na grande final. L\u00edder da fase de grupos, o time de tombos terminou na frente de Am\u00e9rica, Atl\u00e9tico e Cruzeiro. De quebra, teve a melhor defesa da competi\u00e7\u00e3o.\u00a0<\/span><\/p>\n<p><span style=\"font-weight: 400;\">No primeiro jogo da semifinal, o Tombense venceu por 1&#215;0 e jogava por um empate para se classificar. Mesmo com esta vantagem, o time pressionou as sa\u00eddas da Caldense e pressionou o advers\u00e1rio nos primeiros minutos de jogo. Entretanto, o gol s\u00f3 saiu aos 27 minutos, ap\u00f3s o experiente Ibson que tocou <\/span><span style=\"font-weight: 400;\">para C\u00e1ssio Ortega que invadiu a \u00e1rea sozinho e bateu com a parte de fora do p\u00e9 para abrir o placar.<\/span><\/p>\n<p><span style=\"font-weight: 400;\">Na volta para o segundo tempo, a Caldense que precisava vencer, teve mais controle da posse de bola e buscava ser mais incisiva nos ataques. Contudo, houve muitos erros de passes que dificultavam a infiltra\u00e7\u00e3o da equipe de Po\u00e7os de Caldas. No entanto, aos 12 minutos, o Tombense quase ampliou na cabe\u00e7ada de Rubens, que passou por cima do gol. Al\u00e9m disso, o time comandado por Eug\u00eanio Souza buscava controlar o jogo e se arriscar pouco nos ataques.\u00a0<\/span><\/p>\n<p><span style=\"font-weight: 400;\">Na marca dos 34 minutos, o time de Tombos explorou uma de suas poucas investidas no ataque e liquidou o confronto com Marquinhos cruzando para Gabriel Lima, posicionado no segundo pau e mandou para o fundo das redes. O\u00a0 lance ainda ficou cinco minutos em revis\u00e3o pelo VAR, mas o gol foi confirmado. Fim de jogo na Arena Independ\u00eancia, Tombense classificado para a final do Campeonato Mineiro pela primeira vez em sua hist\u00f3ria, e de quebra faturou o t\u00edtulo do interior do Campeonato Mineiro pela segunda vez.<\/span><\/p>\n<p><span style=\"font-weight: 400;\">Al\u00e9m disso, o Gavi\u00e3o Carcar\u00e1 estreia pelo Campeonato Brasileiro S\u00e9rie C neste s\u00e1bado (8) \u00e0s 16h00, diante do Ituano no est\u00e1dio Prefeito Jos\u00e9 Liberatti, em Itu (SP).<\/span><\/p>\n<p><b>Cl\u00e1ssico de BH<\/b><\/p>\n<p><span style=\"font-weight: 400;\">Na noite de quarta-feira, tamb\u00e9m na Arena Independ\u00eancia, teve o jogo da ida, entre Am\u00e9rica x Atl\u00e9tico. No primeiro confronto entre as duas equipes, o Galo da Capital havia vencido por 2&#215;1. A etapa inicial da partida foi bem movimentada, mas pouco t\u00e9cnico e com muitos erros das duas equipes. A melhor chance do primeiro tempo saiu no erro de sa\u00edda de bola alvinegra, Matheusinho mandou a bomba, mas Rafael salvou o Atl\u00e9tico.<\/span><\/p>\n<p><span style=\"font-weight: 400;\">Al\u00e9m disso, durante uma disputa na \u00e1rea alvinegra, o Am\u00e9rica pediu um toque de m\u00e3o do zagueiro R\u00e9ver, al\u00e9m de falta em Fl\u00e1vio. O \u00e1rbitro de v\u00eddeo (VAR) foi acionado, no entanto nada foi marcado.<\/span><\/p>\n<p><span style=\"font-weight: 400;\">Na volta para o segundo tempo, o Am\u00e9rica teve grande chance de abrir o placar com Ademir, mas Rafael fez a defesa. Aos 10 minutos, ap\u00f3s cobran\u00e7a de escanteio, R\u00e9ver subiu e cabeceou para o fundo das redes, colocando o Atl\u00e9tico em vantagem no Horto.<\/span><\/p>\n<p><span style=\"font-weight: 400;\">Em desvantagem no marcador, o Coelho partiu pra cima e ap\u00f3s jogada de escanteio, Eduardo Bauermann cabeceou mas a bola saiu por cima do gol defendido por Rafael. Depois de Marrony amea\u00e7ar em um chute da entrada da \u00e1rea, o Am\u00e9rica respondeu com Felipe Augusto. De novo, Rafael apareceu bem para fazer grande defesa<\/span><span style=\"font-weight: 400;\">.<\/span><\/p>\n<p><span style=\"font-weight: 400;\">O Atl\u00e9tico ampliou no marcador, com um belo gol de Marrony, que mesmo cercado por Airton e Juninho, mandou a bola por cobertura e morreu no \u00e2ngulo direito, 2&#215;0 para o alvinegro. J\u00e1 na marca dos 40 minutos, Savarino chutou e aproveitou a falha do goleiro Airton. Fim de jogo vit\u00f3ria por 3&#215;0 e classifica\u00e7\u00e3o do Atl\u00e9tico para a final do Campeonato Mineiro contra o Tombense.<\/span><\/p>\n<p><span style=\"font-weight: 400;\">Agora o Galo da Capital pensa na estreia no Campeonato Brasileiro contra o Flamengo, neste domingo (9) \u00e0s 16h00 no Est\u00e1dio do Maracan\u00e3. J\u00e1 o Am\u00e9rica se prepara para estrear na S\u00e9rie B contra a Ponte Preta, tamb\u00e9m no domingo (9) \u00e0s 21:00 no Est\u00e1dio Mois\u00e9s Lucarelli em Campinas (SP).<\/span><\/p>\n<p><b>Datas dos jogos<\/b><\/p>\n<p><span style=\"font-weight: 400;\">A Federa\u00e7\u00e3o Mineira de Futebol (FMF), definiu que os dois jogos da decis\u00e3o do Campeonato Mineiro entre Atl\u00e9tico x Tombense, ser\u00e3o realizados nos dias 26 e 30 deste m\u00eas. A entidade ainda n\u00e3o determinou os hor\u00e1rios e locais dos jogos, no entanto \u00e9 prov\u00e1vel que sejam realizados no Est\u00e1dio do Mineir\u00e3o em Belo Horizonte, uma vez que <\/span><span style=\"font-weight: 400;\">os clubes do interior n\u00e3o homologaram seus est\u00e1dios para o VAR (\u00e1rbitro de v\u00eddeo) no decorrer da primeira fase.<\/span><\/p>\n<p><span style=\"font-weight: 400;\">Por ter classificado em primeiro lugar na primeira fase, o Tombense joga por dois empates ou vit\u00f3ria e derrota pelo mesmo saldo de gols para erguer o trof\u00e9u do Mineiro pela primeira vez na hist\u00f3ria.<\/span><\/p>\n<p><b>Mudan\u00e7as de outros jogos<\/b><\/p>\n<p><span style=\"font-weight: 400;\">O primeiro jogo da final ser\u00e1 numa quarta-feira, per\u00edodo no qual a Confedera\u00e7\u00e3o Brasileira de Futebol (CBF), marcou os jogos de volta da terceira fase da Copa do Brasil. Al\u00e9m disso, vale lembrar que o Atl\u00e9tico j\u00e1 est\u00e1 eliminado da competi\u00e7\u00e3o, ao perder nos p\u00eanaltis para o Afogados de Pernambuco.<\/span><\/p>\n<p><span style=\"font-weight: 400;\">Por conta da volta no dia 29, o duelo entre Atl\u00e9tico-MG e Athletico-PR, pela 6\u00aa rodada do Brasileiro est\u00e1 adiado, segundo a FMF. O mesmo ocorre com Tombense x Crici\u00fama, na 4\u00aa rodada do Grupo B da S\u00e9rie C, marcado tamb\u00e9m para 29.<\/span><\/p>\n<p>&nbsp;<\/p>\n","protected":false},"excerpt":{"rendered":"<p>As equipes do Atl\u00e9tico-MG e Tombense, far\u00e3o os dois jogos da grande decis\u00e3o do Campeonato Mineiro 2020. O confronto foi definido nessa quarta-feira (6), ap\u00f3s os dois times derrotarem a Caldense e Am\u00e9rica-MG respectivamente. Al\u00e9m disso, o time de tombos disputar\u00e1 uma decis\u00e3o de estadual pela primeira vez em sua hist\u00f3ria. O primeiro jogo da [&hellip;]<\/p>\n","protected":false},"author":96,"featured_media":166210,"comment_status":"closed","ping_status":"closed","sticky":false,"template":"","format":"standard","meta":{"footnotes":""},"categories":[436,257,439],"tags":[],"class_list":["post-166209","post","type-post","status-publish","format-standard","has-post-thumbnail","hentry","category-destaque-da-semana","category-esporte","category-ultima-hora"],"_links":{"self":[{"href":"https:\/\/diarioregionaldigital.com.br\/index.php?rest_route=\/wp\/v2\/posts\/166209","targetHints":{"allow":["GET"]}}],"collection":[{"href":"https:\/\/diarioregionaldigital.com.br\/index.php?rest_route=\/wp\/v2\/posts"}],"about":[{"href":"https:\/\/diarioregionaldigital.com.br\/index.php?rest_route=\/wp\/v2\/types\/post"}],"author":[{"embeddable":true,"href":"https:\/\/diarioregionaldigital.com.br\/index.php?rest_route=\/wp\/v2\/users\/96"}],"replies":[{"embeddable":true,"href":"https:\/\/diarioregionaldigital.com.br\/index.php?rest_route=%2Fwp%2Fv2%2Fcomments&post=166209"}],"version-history":[{"count":0,"href":"https:\/\/diarioregionaldigital.com.br\/index.php?rest_route=\/wp\/v2\/posts\/166209\/revisions"}],"wp:featuredmedia":[{"embeddable":true,"href":"https:\/\/diarioregionaldigital.com.br\/index.php?rest_route=\/wp\/v2\/media\/166210"}],"wp:attachment":[{"href":"https:\/\/diarioregionaldigital.com.br\/index.php?rest_route=%2Fwp%2Fv2%2Fmedia&parent=166209"}],"wp:term":[{"taxonomy":"category","embeddable":true,"href":"https:\/\/diarioregionaldigital.com.br\/index.php?rest_route=%2Fwp%2Fv2%2Fcategories&post=166209"},{"taxonomy":"post_tag","embeddable":true,"href":"https:\/\/diarioregionaldigital.com.br\/index.php?rest_route=%2Fwp%2Fv2%2Ftags&post=166209"}],"curies":[{"name":"wp","href":"https:\/\/api.w.org\/{rel}","templated":true}]}}