{"id":166206,"date":"2020-08-06T13:43:58","date_gmt":"2020-08-06T16:43:58","guid":{"rendered":"https:\/\/diarioregionaldigital.com.br\/?p=166206"},"modified":"2020-08-06T13:43:58","modified_gmt":"2020-08-06T16:43:58","slug":"mercedes-renova-com-valtteri-bottas-para-2021","status":"publish","type":"post","link":"https:\/\/diarioregionaldigital.com.br\/?p=166206","title":{"rendered":"Mercedes renova com Valtteri Bottas para 2021"},"content":{"rendered":"<p><span style=\"font-weight: 400;\">Ap\u00f3s meses de negocia\u00e7\u00f5es, a Mercedes renovou nessa quinta-feira (6), o contrato do finland\u00eas Valtteri Bottas, at\u00e9 o final da temporada 2021 da F1. O piloto de 30 anos, far\u00e1 sua quinta temporada com o time alem\u00e3o e seu companheiro de equipe deve ser o ingl\u00eas Lewis Hamilton, que est\u00e1 em negocia\u00e7\u00f5es para renovar seu contrato.<\/span><\/p>\n<p><span style=\"font-weight: 400;\">Em entrevista para o site oficial da Mercedes, Bottas diz estar contente com a extens\u00e3o do v\u00ednculo com a equipe alem\u00e3 e fez agradecimento pelo apoio recebido:<\/span><\/p>\n<p><span style=\"font-weight: 400;\">\u201cEstou muito feliz por ficar com a Mercedes em 2021 e aproveitar o sucesso que j\u00e1 tivemos juntos. Obrigado a todos da equipe e \u00e0 fam\u00edlia Mercedes em geral por seu apoio cont\u00ednuo e sua confian\u00e7a em mim. Estou muito orgulhoso de representar esta grande equipe e a estrela de tr\u00eas pontas em nossa jornada juntos novamente no pr\u00f3ximo ano\u201d diz o finland\u00eas.<\/span><\/p>\n<p><span style=\"font-weight: 400;\">Sobre seus novos objetivos com o time, Valtteri diz que tem tido melhora constante em sua performance e tamb\u00e9m no equipamento produzido pela Mercedes. Al\u00e9m disso, diz que sua meta principal \u00e9 ser campe\u00e3o do mundo:<\/span><\/p>\n<p><span style=\"font-weight: 400;\">&#8220;Os \u00faltimos anos foram sobre melhoria cont\u00ednua, trabalhando em todos os aspectos do meu desempenho. Estou confiante de que hoje sou o mais forte que j\u00e1 estive, mas sempre posso elevar a fasquia. A Mercedes adota a mesma filosofia. Eles sempre querem melhorar e est\u00e3o sempre com desejo por vit\u00f3rias. Desde que me apaixonei pela F1 quando crian\u00e7a, meu sonho \u00e9 ser campe\u00e3o do mundo. Estou na luta pelo t\u00edtulo este ano e ficar na Mercedes me coloca na melhor posi\u00e7\u00e3o poss\u00edvel para competir no pr\u00f3ximo ano.&#8221;<\/span><\/p>\n<p><span style=\"font-weight: 400;\">O chefe e diretor da Mercedes, Toto Wolff, diz estar feliz em poder contar com Valtteri Bottas por mais uma temporada no time e avalia o desempenho que o finland\u00eas tem tido neste in\u00edcio de temporada, dizendo que o mesmo tem contribu\u00eddo bastante para o crescimento e triunfo da equipe no campeonato:<\/span><\/p>\n<p><span style=\"font-weight: 400;\">&#8220;Estamos muito empolgados com o fato de Valtteri permanecer na equipe por pelo menos mais uma temporada. Estamos vendo ele mais forte, em termos de desempenho na pista, mas tamb\u00e9m f\u00edsica e mentalmente. Ele \u00e9 o segundo no campeonato, terminou a \u00faltima temporada no P2 e desempenha um papel muito importante. Estou confiante de que hoje temos o melhor emparelhamento de pilotos da F1, e contratar Valtteri \u00e9 um primeiro passo importante para manter essa for\u00e7a no futuro. Ele \u00e9 um cara direto e trabalhador que tem um bom relacionamento com toda a equipe &#8211; incluindo seu companheiro de equipe, o que n\u00e3o \u00e9 um fato quando os dois pilotos est\u00e3o lutando pelo campeonato\u201d diz Toto Wolff.<\/span><\/p>\n<p><span style=\"font-weight: 400;\">Valtteri Bottas assumiu o cockpit da Mercedes na temporada 2017, ap\u00f3s o mundo ficar chocado com o an\u00fancio da aposentadoria do ex-piloto alem\u00e3o Nico Rosberg, logo ap\u00f3s ser campe\u00e3o do mundo em 2016. Bottas j\u00e1 disputou 143 grandes pr\u00eamios, pelas equipes Williams (2013-2016) e Mercedes (2017-2020). Al\u00e9m das oito vit\u00f3rias, o finland\u00eas j\u00e1 registrou 12 pole positions, 13 voltas mais r\u00e1pidas e 48 p\u00f3dios.<\/span><\/p>\n<p><span style=\"font-weight: 400;\">A pr\u00f3xima etapa da F1 ser\u00e1 neste fim de semana dos dias 7, 8 e 9 de agosto, para o GP de 70 anos da categoria, que ser\u00e1 disputado no Circuito de Silverstone na Inglaterra.<\/span><\/p>\n","protected":false},"excerpt":{"rendered":"<p>Ap\u00f3s meses de negocia\u00e7\u00f5es, a Mercedes renovou nessa quinta-feira (6), o contrato do finland\u00eas Valtteri Bottas, at\u00e9 o final da temporada 2021 da F1. O piloto de 30 anos, far\u00e1 sua quinta temporada com o time alem\u00e3o e seu companheiro de equipe deve ser o ingl\u00eas Lewis Hamilton, que est\u00e1 em negocia\u00e7\u00f5es para renovar seu [&hellip;]<\/p>\n","protected":false},"author":96,"featured_media":166207,"comment_status":"closed","ping_status":"closed","sticky":false,"template":"","format":"standard","meta":{"footnotes":""},"categories":[436,257,439],"tags":[],"class_list":["post-166206","post","type-post","status-publish","format-standard","has-post-thumbnail","hentry","category-destaque-da-semana","category-esporte","category-ultima-hora"],"_links":{"self":[{"href":"https:\/\/diarioregionaldigital.com.br\/index.php?rest_route=\/wp\/v2\/posts\/166206","targetHints":{"allow":["GET"]}}],"collection":[{"href":"https:\/\/diarioregionaldigital.com.br\/index.php?rest_route=\/wp\/v2\/posts"}],"about":[{"href":"https:\/\/diarioregionaldigital.com.br\/index.php?rest_route=\/wp\/v2\/types\/post"}],"author":[{"embeddable":true,"href":"https:\/\/diarioregionaldigital.com.br\/index.php?rest_route=\/wp\/v2\/users\/96"}],"replies":[{"embeddable":true,"href":"https:\/\/diarioregionaldigital.com.br\/index.php?rest_route=%2Fwp%2Fv2%2Fcomments&post=166206"}],"version-history":[{"count":0,"href":"https:\/\/diarioregionaldigital.com.br\/index.php?rest_route=\/wp\/v2\/posts\/166206\/revisions"}],"wp:featuredmedia":[{"embeddable":true,"href":"https:\/\/diarioregionaldigital.com.br\/index.php?rest_route=\/wp\/v2\/media\/166207"}],"wp:attachment":[{"href":"https:\/\/diarioregionaldigital.com.br\/index.php?rest_route=%2Fwp%2Fv2%2Fmedia&parent=166206"}],"wp:term":[{"taxonomy":"category","embeddable":true,"href":"https:\/\/diarioregionaldigital.com.br\/index.php?rest_route=%2Fwp%2Fv2%2Fcategories&post=166206"},{"taxonomy":"post_tag","embeddable":true,"href":"https:\/\/diarioregionaldigital.com.br\/index.php?rest_route=%2Fwp%2Fv2%2Ftags&post=166206"}],"curies":[{"name":"wp","href":"https:\/\/api.w.org\/{rel}","templated":true}]}}