{"id":166203,"date":"2020-08-06T13:19:34","date_gmt":"2020-08-06T16:19:34","guid":{"rendered":"https:\/\/diarioregionaldigital.com.br\/?p=166203"},"modified":"2020-08-06T13:19:34","modified_gmt":"2020-08-06T16:19:34","slug":"nova-modalidade-confirmada-na-missao-europa-tenis-levara-quatro-atletas-a-portugal","status":"publish","type":"post","link":"https:\/\/diarioregionaldigital.com.br\/?p=166203","title":{"rendered":"Nova modalidade confirmada na Miss\u00e3o Europa: t\u00eanis levar\u00e1 quatro atletas a Portugal"},"content":{"rendered":"<p><span style=\"font-weight: 400;\">O t\u00eanis brasileiro d\u00e1 mais um passo no processo de retorno \u00e0 rotina ap\u00f3s a paralisa\u00e7\u00e3o provocada pela pandemia da Covid-19. Neste domingo (9), quatro atletas embarcam para Portugal, onde participar\u00e3o da Miss\u00e3o Europa, projeto idealizado pelo Comit\u00ea Ol\u00edmpico do Brasil (COB): Beatriz Haddad Maia, Carolina Meligeni, Jo\u00e3o Menezes e Thomaz Bellucci.<\/span><\/p>\n<p><span style=\"font-weight: 400;\">O per\u00edodo previsto para as atividades \u00e9 de 15 dias, e os atletas ficar\u00e3o concentrados em um ambiente controlado, de modo a diminuir os riscos de cont\u00e1gio do novo coronav\u00edrus. Esta \u00e9 uma importante iniciativa na retomada das atividades dos tenistas, que passaram os \u00faltimos meses treinando em locais espec\u00edficos.<\/span><\/p>\n<p><span style=\"font-weight: 400;\">Os treinamentos ser\u00e3o realizados no Rio Maior Sports Centre, centro de treinamento situado a 75km de Lisboa, que conta com duas quadras de piso duro. Quem comandar\u00e1 as atividades \u00e9 o treinador Andr\u00e9 Podalka.<\/span><\/p>\n<p><span style=\"font-weight: 400;\">&#8220;Esse \u00e9 um momento importante e emblem\u00e1tico em virtude deste contexto que enfrentamos por causa da pandemia, e s\u00f3 realizamos essa opera\u00e7\u00e3o por conseguirmos viabiliz\u00e1-la com o menor risco poss\u00edvel para os nossos atletas, que ter\u00e3o a oportunidade de treinarem e se adaptarem para o momento do retorno das competi\u00e7\u00f5es internacionais. Agradecemos ao fundamental suporte do COB nesta log\u00edstica, organizada em parceria com a CBT, para tornar isso poss\u00edvel. Essa parceria saud\u00e1vel entre as institui\u00e7\u00f5es reflete l\u00e1 na ponta, para os atletas, que com certeza ter\u00e3o a consci\u00eancia do simbolismo especial deste momento e estar\u00e3o motivados para buscarem seus objetivos&#8221;, afirma Rafael Westrupp, presidente da Confedera\u00e7\u00e3o Brasileira de T\u00eanis (CBT).<\/span><\/p>\n<p><span style=\"font-weight: 400;\">N\u00famero 185 do mundo, Jo\u00e3o Menezes est\u00e1 pr\u00e9-classificados para os Jogos Ol\u00edmpicos de T\u00f3quio, j\u00e1 que foi campe\u00e3o do Pan-Americano Lima 2019. Ele ter\u00e1 a companhia de Thomaz Bellucci (289), que participou dos Jogos em 2008, 2012 e 2016.<\/span><\/p>\n<p><span style=\"font-weight: 400;\">&#8220;Estou muito entusiasmado de vivenciar este ambiente ol\u00edmpico, com a presen\u00e7a de atletas de diferentes modalidades. Isso vai ajudar a acostumar com o que vamos encontrar nos Jogos Ol\u00edmpicos. Essa viagem surge num momento importante, pois estamos treinando h\u00e1 mais de tr\u00eas meses no mesmo lugar, algo que o tenista n\u00e3o est\u00e1 acostumado. Mudar de ares, treinar com pessoas diferentes, vai ser muito bom. Com certeza, tem muitas coisas positivas para tirar disso&#8221;, afirma Jo\u00e3o Menezes, que precisa estar entre os 300 primeiros do mundo no ranking da ATP, em 7 de junho de 2021, para confirmar de vez a vaga em T\u00f3quio.<\/span><\/p>\n<p><span style=\"font-weight: 400;\">N\u00fameros 286 e 402 do ranking da WTA, respectivamente, Beatriz Haddad Maia e Carolina Meligeni tamb\u00e9m ter\u00e3o a oportunidade de dar sequ\u00eancia aos treinamentos em Portugal. As duas atletas j\u00e1 est\u00e3o treinando juntas em Itaja\u00ed (SC) &#8211; onde a CBT mant\u00e9m um centro de treinamento em parceria com o Itamirim Clube de Campo e com a ADK Tennis.<\/span><\/p>\n<p><span style=\"font-weight: 400;\">&#8220;\u00c9 muito boa essa oportunidade de treinar fora do Brasil, perto de outros atletas, em um centro com outros esportes, onde todo mundo estar\u00e1 focado nos Jogos Ol\u00edmpicos e com grandes objetivos. Fico feliz de fazer parte deste grupo e \u00e9 sempre uma grande emo\u00e7\u00e3o participar de uma Miss\u00e3o para representar o Brasil&#8221;, destaca Carol, que foi semifinalista de simples e bronze nas duplas nos \u00faltimos Jogos Pan-americanos.<\/span><\/p>\n<p><span style=\"font-weight: 400;\">Nos treinamentos, todos os cuidados ser\u00e3o seguidos para garantir a seguran\u00e7a e a sa\u00fade dos atletas. Al\u00e9m de acatarem as recomenda\u00e7\u00f5es da Federa\u00e7\u00e3o Internacional de T\u00eanis (ITF) e da CBT em seus protocolos de retorno \u00e0 pr\u00e1tica esportiva, h\u00e1 um r\u00edgido protocolo desenvolvido para que participem da Miss\u00e3o Europa. Para realizar a opera\u00e7\u00e3o, o COB desenvolveu diretrizes de controle contra a contamina\u00e7\u00e3o da Covid-19. Os integrantes da delega\u00e7\u00e3o s\u00e3o testados at\u00e9 72 horas antes do embarque, s\u00f3 podendo viajar caso apresentem resultado negativo para o PCR. Assim que chegarem a Portugal, eles repetem o procedimento e permanecem em isolamento at\u00e9 a divulga\u00e7\u00e3o dos resultados do PCR e da sorologia, quando estar\u00e3o liberados para os treinamentos esportivos. Al\u00e9m disso, uma terceira testagem est\u00e1 prevista antes do regresso ao Brasil.<\/span><\/p>\n<p><strong>Fonte:<\/strong> COB<\/p>\n","protected":false},"excerpt":{"rendered":"<p>O t\u00eanis brasileiro d\u00e1 mais um passo no processo de retorno \u00e0 rotina ap\u00f3s a paralisa\u00e7\u00e3o provocada pela pandemia da Covid-19. Neste domingo (9), quatro atletas embarcam para Portugal, onde participar\u00e3o da Miss\u00e3o Europa, projeto idealizado pelo Comit\u00ea Ol\u00edmpico do Brasil (COB): Beatriz Haddad Maia, Carolina Meligeni, Jo\u00e3o Menezes e Thomaz Bellucci. O per\u00edodo previsto [&hellip;]<\/p>\n","protected":false},"author":96,"featured_media":166204,"comment_status":"closed","ping_status":"closed","sticky":false,"template":"","format":"standard","meta":{"footnotes":""},"categories":[436,257,439],"tags":[],"class_list":["post-166203","post","type-post","status-publish","format-standard","has-post-thumbnail","hentry","category-destaque-da-semana","category-esporte","category-ultima-hora"],"_links":{"self":[{"href":"https:\/\/diarioregionaldigital.com.br\/index.php?rest_route=\/wp\/v2\/posts\/166203","targetHints":{"allow":["GET"]}}],"collection":[{"href":"https:\/\/diarioregionaldigital.com.br\/index.php?rest_route=\/wp\/v2\/posts"}],"about":[{"href":"https:\/\/diarioregionaldigital.com.br\/index.php?rest_route=\/wp\/v2\/types\/post"}],"author":[{"embeddable":true,"href":"https:\/\/diarioregionaldigital.com.br\/index.php?rest_route=\/wp\/v2\/users\/96"}],"replies":[{"embeddable":true,"href":"https:\/\/diarioregionaldigital.com.br\/index.php?rest_route=%2Fwp%2Fv2%2Fcomments&post=166203"}],"version-history":[{"count":0,"href":"https:\/\/diarioregionaldigital.com.br\/index.php?rest_route=\/wp\/v2\/posts\/166203\/revisions"}],"wp:featuredmedia":[{"embeddable":true,"href":"https:\/\/diarioregionaldigital.com.br\/index.php?rest_route=\/wp\/v2\/media\/166204"}],"wp:attachment":[{"href":"https:\/\/diarioregionaldigital.com.br\/index.php?rest_route=%2Fwp%2Fv2%2Fmedia&parent=166203"}],"wp:term":[{"taxonomy":"category","embeddable":true,"href":"https:\/\/diarioregionaldigital.com.br\/index.php?rest_route=%2Fwp%2Fv2%2Fcategories&post=166203"},{"taxonomy":"post_tag","embeddable":true,"href":"https:\/\/diarioregionaldigital.com.br\/index.php?rest_route=%2Fwp%2Fv2%2Ftags&post=166203"}],"curies":[{"name":"wp","href":"https:\/\/api.w.org\/{rel}","templated":true}]}}