{"id":166200,"date":"2020-08-06T13:03:12","date_gmt":"2020-08-06T16:03:12","guid":{"rendered":"https:\/\/diarioregionaldigital.com.br\/?p=166200"},"modified":"2020-08-06T13:03:12","modified_gmt":"2020-08-06T16:03:12","slug":"juiz-de-fora-entra-para-a-onda-amarela-do-minas-consciente","status":"publish","type":"post","link":"https:\/\/diarioregionaldigital.com.br\/?p=166200","title":{"rendered":"Juiz de Fora entra para a onda amarela do Minas Consciente"},"content":{"rendered":"<p><span style=\"font-weight: 400;\">O Governo de Minas Gerais, divulgou nesta quinta-feira (6) em seu Di\u00e1rio Oficial do Estado, que Juiz de Fora foi oficializado como integrante da Onda Amarela do Programa Minas Consciente. A nova fase conta com os munic\u00edpios da chamada macrorregi\u00e3o sudeste do estado. Al\u00e9m disso, a nova etapa entrar\u00e1 em vigor a partir deste s\u00e1bado (8).<\/span><\/p>\n<p><span style=\"font-weight: 400;\">A chamada Onda Amarela, ela abrange as macrorregi\u00f5es de Sa\u00fade Norte, Tri\u00e2ngulo do Norte, Tri\u00e2ngulo do Sul, Oeste, Sul, Centro-Sul, Sudeste e Leste do Sul apresentaram \u00edndices favor\u00e1veis para a abertura de servi\u00e7os n\u00e3o essenciais, que est\u00e3o previstas nessa fase do programa. Dentre os servi\u00e7os inclusos nesta etapa, est\u00e3o: bares (consumo no local); autoescola e cursos de pilotagem; sal\u00e3o de beleza e atividades de est\u00e9tica; com\u00e9rcio de eletrodom\u00e9sticos e equipamentos de \u00e1udio e v\u00eddeo; papelaria, lojas de livros, discos e revistas; lojas de roupas, bijuterias, joias, cal\u00e7ados, e artigos de viagem; com\u00e9rcio de itens de cama, mesa e banho; lojas de m\u00f3veis e lustres; imobili\u00e1rias; lojas de departamento e duty free e lojas de brinquedos.<\/span><\/p>\n<p><span style=\"font-weight: 400;\">No final do m\u00eas de julho, o Governo do estado implementou altera\u00e7\u00f5es do Minas Consciente e dentre as mudan\u00e7as, est\u00e1 a redu\u00e7\u00e3o de quatro para tr\u00eas ondas. Antes eram divididas em ondas verde, branca, amarela e vermelha. Agora ser\u00e3o divididas em onda 1 (vermelha), onda 2 (amarela) e onda 3 (verde).<\/span><\/p>\n<p><b>Munic\u00edpios com menos de 30 mil habitantes<\/b><\/p>\n<p><span style=\"font-weight: 400;\">O Governo do estado determinou tamb\u00e9m que 362 cidades mineiras que t\u00eam menos de 30 mil habitantes, poder\u00e3o poder\u00e3o avan\u00e7ar automaticamente para a onda amarela do plano Minas Consciente. Esses munic\u00edpios, que agora est\u00e3o autorizados a abrir servi\u00e7os n\u00e3o essenciais, como bares e restaurantes, registraram menos de 50 casos por 100 mil habitantes nos \u00faltimos 14 dias. O avan\u00e7o poder\u00e1 acontecer independentemente da situa\u00e7\u00e3o das macro ou microrregi\u00f5es nas quais est\u00e3o inseridos.<\/span><\/p>\n<p><span style=\"font-weight: 400;\">O governador Romeu Zema explicou que o tratamento diferenciado para cidades menores levou em conta que a maior parte delas n\u00e3o possui transporte coletivo relevante e apresenta menos tend\u00eancia a aglomera\u00e7\u00f5es:<\/span><\/p>\n<p><span style=\"font-weight: 400;\">\u201cA autonomia que estamos dando \u00e0s cidades que possuem menos de 30 mil habitantes e t\u00eam baixa incid\u00eancia da doen\u00e7a n\u00e3o \u00e9, de forma alguma, uma flexibiliza\u00e7\u00e3o que desconsidere os crit\u00e9rios de sa\u00fade. S\u00e3o cidades onde n\u00e3o h\u00e1 um transporte p\u00fablico intenso. Ele pode at\u00e9 existir, mas nada que gere um pico, uma aglomera\u00e7\u00e3o, \u00f4nibus lotados, como geralmente se v\u00ea em cidades maiores. Por isso, a chance de transmiss\u00e3o \u00e9 muito menor\u201d, disse ele, lembrando que Minas Gerais possui 763 cidades com menos de 30 mil habitantes.<\/span><\/p>\n","protected":false},"excerpt":{"rendered":"<p>O Governo de Minas Gerais, divulgou nesta quinta-feira (6) em seu Di\u00e1rio Oficial do Estado, que Juiz de Fora foi oficializado como integrante da Onda Amarela do Programa Minas Consciente. A nova fase conta com os munic\u00edpios da chamada macrorregi\u00e3o sudeste do estado. Al\u00e9m disso, a nova etapa entrar\u00e1 em vigor a partir deste s\u00e1bado [&hellip;]<\/p>\n","protected":false},"author":96,"featured_media":166201,"comment_status":"closed","ping_status":"closed","sticky":false,"template":"","format":"standard","meta":{"footnotes":""},"categories":[253,436,440,439],"tags":[],"class_list":["post-166200","post","type-post","status-publish","format-standard","has-post-thumbnail","hentry","category-cidade","category-destaque-da-semana","category-destaques-do-dia","category-ultima-hora"],"_links":{"self":[{"href":"https:\/\/diarioregionaldigital.com.br\/index.php?rest_route=\/wp\/v2\/posts\/166200","targetHints":{"allow":["GET"]}}],"collection":[{"href":"https:\/\/diarioregionaldigital.com.br\/index.php?rest_route=\/wp\/v2\/posts"}],"about":[{"href":"https:\/\/diarioregionaldigital.com.br\/index.php?rest_route=\/wp\/v2\/types\/post"}],"author":[{"embeddable":true,"href":"https:\/\/diarioregionaldigital.com.br\/index.php?rest_route=\/wp\/v2\/users\/96"}],"replies":[{"embeddable":true,"href":"https:\/\/diarioregionaldigital.com.br\/index.php?rest_route=%2Fwp%2Fv2%2Fcomments&post=166200"}],"version-history":[{"count":0,"href":"https:\/\/diarioregionaldigital.com.br\/index.php?rest_route=\/wp\/v2\/posts\/166200\/revisions"}],"wp:featuredmedia":[{"embeddable":true,"href":"https:\/\/diarioregionaldigital.com.br\/index.php?rest_route=\/wp\/v2\/media\/166201"}],"wp:attachment":[{"href":"https:\/\/diarioregionaldigital.com.br\/index.php?rest_route=%2Fwp%2Fv2%2Fmedia&parent=166200"}],"wp:term":[{"taxonomy":"category","embeddable":true,"href":"https:\/\/diarioregionaldigital.com.br\/index.php?rest_route=%2Fwp%2Fv2%2Fcategories&post=166200"},{"taxonomy":"post_tag","embeddable":true,"href":"https:\/\/diarioregionaldigital.com.br\/index.php?rest_route=%2Fwp%2Fv2%2Ftags&post=166200"}],"curies":[{"name":"wp","href":"https:\/\/api.w.org\/{rel}","templated":true}]}}