{"id":166198,"date":"2020-08-06T11:05:53","date_gmt":"2020-08-06T14:05:53","guid":{"rendered":"https:\/\/diarioregionaldigital.com.br\/?p=166198"},"modified":"2020-08-06T11:05:53","modified_gmt":"2020-08-06T14:05:53","slug":"pm-prende-dupla-por-efetuarem-disparos-de-arma-de-fogo-na-regiao-norte","status":"publish","type":"post","link":"https:\/\/diarioregionaldigital.com.br\/?p=166198","title":{"rendered":"PM prende dupla por efetuarem disparos de arma de fogo na Regi\u00e3o Norte"},"content":{"rendered":"<p>A Pol\u00edcia Militar (PM), recebeu den\u00fancias sobre dois indiv\u00edduos, sendo um jovem de 26 e um homem de 48 anos, que estariam efetuando disparos de arma de fogo na noite de quarta-feira (5), na Regi\u00e3o Norte de Juiz de Fora. Com endere\u00e7o em m\u00e3os, os policiais foram at\u00e9 o local e abordaram os dois infratores, que negaram envolvimento no ocorrido. Instantes depois, os policiais realizaram buscas em um terreno baldio no local em que os autores estavam.<\/p>\n<p>Instantes depois, a guarni\u00e7\u00e3o encontrou uma sacola contendo um rev\u00f3lver calibre 38, com capacidade para seis muni\u00e7\u00f5es. Em relatos aos policiais, um dos suspeitos assumiu autoria do material. Diante dos fatos, os autores foram presos em flagrante e conduzidos para a Delegacia, junto com os materiais apreendidos.<\/p>\n","protected":false},"excerpt":{"rendered":"<p>A Pol\u00edcia Militar (PM), recebeu den\u00fancias sobre dois indiv\u00edduos, sendo um jovem de 26 e um homem de 48 anos, que estariam efetuando disparos de arma de fogo na noite de quarta-feira (5), na Regi\u00e3o Norte de Juiz de Fora. Com endere\u00e7o em m\u00e3os, os policiais foram at\u00e9 o local e abordaram os dois infratores, [&hellip;]<\/p>\n","protected":false},"author":96,"featured_media":165308,"comment_status":"closed","ping_status":"closed","sticky":false,"template":"","format":"standard","meta":{"footnotes":""},"categories":[301,436,439],"tags":[],"class_list":["post-166198","post","type-post","status-publish","format-standard","has-post-thumbnail","hentry","category-artigos-policiais","category-destaque-da-semana","category-ultima-hora"],"_links":{"self":[{"href":"https:\/\/diarioregionaldigital.com.br\/index.php?rest_route=\/wp\/v2\/posts\/166198","targetHints":{"allow":["GET"]}}],"collection":[{"href":"https:\/\/diarioregionaldigital.com.br\/index.php?rest_route=\/wp\/v2\/posts"}],"about":[{"href":"https:\/\/diarioregionaldigital.com.br\/index.php?rest_route=\/wp\/v2\/types\/post"}],"author":[{"embeddable":true,"href":"https:\/\/diarioregionaldigital.com.br\/index.php?rest_route=\/wp\/v2\/users\/96"}],"replies":[{"embeddable":true,"href":"https:\/\/diarioregionaldigital.com.br\/index.php?rest_route=%2Fwp%2Fv2%2Fcomments&post=166198"}],"version-history":[{"count":0,"href":"https:\/\/diarioregionaldigital.com.br\/index.php?rest_route=\/wp\/v2\/posts\/166198\/revisions"}],"wp:featuredmedia":[{"embeddable":true,"href":"https:\/\/diarioregionaldigital.com.br\/index.php?rest_route=\/wp\/v2\/media\/165308"}],"wp:attachment":[{"href":"https:\/\/diarioregionaldigital.com.br\/index.php?rest_route=%2Fwp%2Fv2%2Fmedia&parent=166198"}],"wp:term":[{"taxonomy":"category","embeddable":true,"href":"https:\/\/diarioregionaldigital.com.br\/index.php?rest_route=%2Fwp%2Fv2%2Fcategories&post=166198"},{"taxonomy":"post_tag","embeddable":true,"href":"https:\/\/diarioregionaldigital.com.br\/index.php?rest_route=%2Fwp%2Fv2%2Ftags&post=166198"}],"curies":[{"name":"wp","href":"https:\/\/api.w.org\/{rel}","templated":true}]}}