{"id":166196,"date":"2020-08-06T10:59:20","date_gmt":"2020-08-06T13:59:20","guid":{"rendered":"https:\/\/diarioregionaldigital.com.br\/?p=166196"},"modified":"2020-08-06T10:59:20","modified_gmt":"2020-08-06T13:59:20","slug":"taxista-tem-dinheiro-e-celular-roubado-durante-uma-corrida-na-regiao-nordeste-em-juiz-de-fora","status":"publish","type":"post","link":"https:\/\/diarioregionaldigital.com.br\/?p=166196","title":{"rendered":"Taxista tem dinheiro e celular roubado durante uma corrida na Regi\u00e3o Nordeste em Juiz de Fora"},"content":{"rendered":"<p>Um motorista de t\u00e1xi, 60 anos, estava estacionado no ponto da Rua S\u00e3o Jo\u00e3o Nepomuceno com Avenida Get\u00falio Vargas, quando um indiv\u00edduo solicitou uma corrida para o Bairro Granjas Beth\u00e2nia (Regi\u00e3o Nordeste), na madrugada desta quinta-feira (6) em Juiz de Fora. Ao chegar no local combinado, o passageiro apontou uma arma de fogo em dire\u00e7\u00e3o \u00e0 v\u00edtima, e logo em seguida tomou o telefone celular e tamb\u00e9m a quantia de aproximadamente R$ 200,00 em dinheiro. Logo ap\u00f3s o ato, o suspeito saiu do ve\u00edculo e fugiu do local. A Pol\u00edcia Militar (PM) realizou rastreamentos pelas imedia\u00e7\u00f5es, no entanto n\u00e3o encontrou o infrator.<\/p>\n","protected":false},"excerpt":{"rendered":"<p>Um motorista de t\u00e1xi, 60 anos, estava estacionado no ponto da Rua S\u00e3o Jo\u00e3o Nepomuceno com Avenida Get\u00falio Vargas, quando um indiv\u00edduo solicitou uma corrida para o Bairro Granjas Beth\u00e2nia (Regi\u00e3o Nordeste), na madrugada desta quinta-feira (6) em Juiz de Fora. Ao chegar no local combinado, o passageiro apontou uma arma de fogo em dire\u00e7\u00e3o [&hellip;]<\/p>\n","protected":false},"author":96,"featured_media":165308,"comment_status":"closed","ping_status":"closed","sticky":false,"template":"","format":"standard","meta":{"footnotes":""},"categories":[301,436,439],"tags":[],"class_list":["post-166196","post","type-post","status-publish","format-standard","has-post-thumbnail","hentry","category-artigos-policiais","category-destaque-da-semana","category-ultima-hora"],"_links":{"self":[{"href":"https:\/\/diarioregionaldigital.com.br\/index.php?rest_route=\/wp\/v2\/posts\/166196","targetHints":{"allow":["GET"]}}],"collection":[{"href":"https:\/\/diarioregionaldigital.com.br\/index.php?rest_route=\/wp\/v2\/posts"}],"about":[{"href":"https:\/\/diarioregionaldigital.com.br\/index.php?rest_route=\/wp\/v2\/types\/post"}],"author":[{"embeddable":true,"href":"https:\/\/diarioregionaldigital.com.br\/index.php?rest_route=\/wp\/v2\/users\/96"}],"replies":[{"embeddable":true,"href":"https:\/\/diarioregionaldigital.com.br\/index.php?rest_route=%2Fwp%2Fv2%2Fcomments&post=166196"}],"version-history":[{"count":0,"href":"https:\/\/diarioregionaldigital.com.br\/index.php?rest_route=\/wp\/v2\/posts\/166196\/revisions"}],"wp:featuredmedia":[{"embeddable":true,"href":"https:\/\/diarioregionaldigital.com.br\/index.php?rest_route=\/wp\/v2\/media\/165308"}],"wp:attachment":[{"href":"https:\/\/diarioregionaldigital.com.br\/index.php?rest_route=%2Fwp%2Fv2%2Fmedia&parent=166196"}],"wp:term":[{"taxonomy":"category","embeddable":true,"href":"https:\/\/diarioregionaldigital.com.br\/index.php?rest_route=%2Fwp%2Fv2%2Fcategories&post=166196"},{"taxonomy":"post_tag","embeddable":true,"href":"https:\/\/diarioregionaldigital.com.br\/index.php?rest_route=%2Fwp%2Fv2%2Ftags&post=166196"}],"curies":[{"name":"wp","href":"https:\/\/api.w.org\/{rel}","templated":true}]}}