{"id":166194,"date":"2020-08-06T10:53:31","date_gmt":"2020-08-06T13:53:31","guid":{"rendered":"https:\/\/diarioregionaldigital.com.br\/?p=166194"},"modified":"2020-08-06T10:53:31","modified_gmt":"2020-08-06T13:53:31","slug":"jovem-e-assaltado-em-ponto-de-onibus-na-avenida-brasil","status":"publish","type":"post","link":"https:\/\/diarioregionaldigital.com.br\/?p=166194","title":{"rendered":"Jovem \u00e9 assaltado em ponto de \u00f4nibus na Avenida Brasil"},"content":{"rendered":"<p>Duas pessoas estavam em um ponto de \u00f4nibus da Avenida Brasil na noite de quarta-feira (5) no Bairro Ladeira, quando foram abordadas por dois indiv\u00edduos, sendo que um deles estava com posse de arma de fogo e o mesmo anunciou o assalto. Os autores levaram os telefones celulares das v\u00edtimas e os mesmo fugiram do local. A Pol\u00edcia Militar (PM) foi acionada, entretanto n\u00e3o localizou os suspeitos.<\/p>\n","protected":false},"excerpt":{"rendered":"<p>Duas pessoas estavam em um ponto de \u00f4nibus da Avenida Brasil na noite de quarta-feira (5) no Bairro Ladeira, quando foram abordadas por dois indiv\u00edduos, sendo que um deles estava com posse de arma de fogo e o mesmo anunciou o assalto. Os autores levaram os telefones celulares das v\u00edtimas e os mesmo fugiram do [&hellip;]<\/p>\n","protected":false},"author":96,"featured_media":165308,"comment_status":"closed","ping_status":"closed","sticky":false,"template":"","format":"standard","meta":{"footnotes":""},"categories":[301,436,439],"tags":[],"class_list":["post-166194","post","type-post","status-publish","format-standard","has-post-thumbnail","hentry","category-artigos-policiais","category-destaque-da-semana","category-ultima-hora"],"_links":{"self":[{"href":"https:\/\/diarioregionaldigital.com.br\/index.php?rest_route=\/wp\/v2\/posts\/166194","targetHints":{"allow":["GET"]}}],"collection":[{"href":"https:\/\/diarioregionaldigital.com.br\/index.php?rest_route=\/wp\/v2\/posts"}],"about":[{"href":"https:\/\/diarioregionaldigital.com.br\/index.php?rest_route=\/wp\/v2\/types\/post"}],"author":[{"embeddable":true,"href":"https:\/\/diarioregionaldigital.com.br\/index.php?rest_route=\/wp\/v2\/users\/96"}],"replies":[{"embeddable":true,"href":"https:\/\/diarioregionaldigital.com.br\/index.php?rest_route=%2Fwp%2Fv2%2Fcomments&post=166194"}],"version-history":[{"count":0,"href":"https:\/\/diarioregionaldigital.com.br\/index.php?rest_route=\/wp\/v2\/posts\/166194\/revisions"}],"wp:featuredmedia":[{"embeddable":true,"href":"https:\/\/diarioregionaldigital.com.br\/index.php?rest_route=\/wp\/v2\/media\/165308"}],"wp:attachment":[{"href":"https:\/\/diarioregionaldigital.com.br\/index.php?rest_route=%2Fwp%2Fv2%2Fmedia&parent=166194"}],"wp:term":[{"taxonomy":"category","embeddable":true,"href":"https:\/\/diarioregionaldigital.com.br\/index.php?rest_route=%2Fwp%2Fv2%2Fcategories&post=166194"},{"taxonomy":"post_tag","embeddable":true,"href":"https:\/\/diarioregionaldigital.com.br\/index.php?rest_route=%2Fwp%2Fv2%2Ftags&post=166194"}],"curies":[{"name":"wp","href":"https:\/\/api.w.org\/{rel}","templated":true}]}}