{"id":166191,"date":"2020-08-06T10:41:20","date_gmt":"2020-08-06T13:41:20","guid":{"rendered":"https:\/\/diarioregionaldigital.com.br\/?p=166191"},"modified":"2020-08-06T10:41:20","modified_gmt":"2020-08-06T13:41:20","slug":"covid-19-mais-cinco-centros-no-brasil-iniciam-testes-com-vacina-chinesa","status":"publish","type":"post","link":"https:\/\/diarioregionaldigital.com.br\/?p=166191","title":{"rendered":"Covid-19: mais cinco centros no Brasil iniciam testes com vacina chinesa"},"content":{"rendered":"<p><span style=\"font-weight: 400;\">Mais cinco centros de pesquisa do pa\u00eds v\u00e3o dar in\u00edcio ainda esta semana a testes com a vacina chinesa CoronaVac, da farmac\u00eautica Sinovac, desenvolvida em parceria com o Instituto Butantan.<\/span><\/p>\n<p><span style=\"font-weight: 400;\">Na quarta-feira (5), as vacinas come\u00e7aram a ser aplicadas em profissionais da sa\u00fade na Universidade de Bras\u00edlia (UnB) e, nessa quinta-feira (6), no Hospital das Cl\u00ednicas na Unicamp, em Campinas (SP). Nesta sexta-feira (7), os testes ser\u00e3o no Hospital das Cl\u00ednicas da Universidade Federal do Paran\u00e1, em Curitiba; e na Faculdade de Medicina de S\u00e3o Jos\u00e9 do Rio Preto (SP). No s\u00e1bado (8), ser\u00e1 vez do Hospital S\u00e3o Lucas, da PUC do Rio Grande do Sul, em Porto Alegre.<\/span><\/p>\n<p><span style=\"font-weight: 400;\">At\u00e9 o momento, j\u00e1 h\u00e1 cinco centros de pesquisa em opera\u00e7\u00e3o para os testes. O Hospital das Cl\u00ednicas da Faculdade de Medicina da USP (HCFMUSP) foi o primeiro a aplicar a CoronaVac, no dia 21 de julho. Na quinta-feira (30) e na sexta-feira (31), os testes come\u00e7aram no Instituto de Infectologia Em\u00edlio Ribas; na Faculdade de Medicina de Ribeir\u00e3o Preto da Universidade de S\u00e3o Paulo (FMRP-USP); na Universidade Municipal de S\u00e3o Caetano do Sul; e no Centro de Pesquisa e Desenvolvimento de F\u00e1rmacos da UFMG (Universidade Federal de Minas Gerais).<\/span><\/p>\n<p><span style=\"font-weight: 400;\">Ao todo, 12 n\u00facleos cient\u00edficos foram selecionados para a realiza\u00e7\u00e3o da terceira e \u00faltima fase de ensaios cl\u00ednicos do imunizante. O cronograma para in\u00edcio da aplica\u00e7\u00e3o das vacinas nos dois \u00faltimos centros &#8211; o Hospital Israelita Albert Einstein, na capital paulista, e o Instituto Nacional de Infectologia Evandro Chagas, no Rio de Janeiro \u2013 dever\u00e3o ser\u00a0 anunciados em breve.<\/span><\/p>\n<p><span style=\"font-weight: 400;\">Os testes com a CoronaVac ser\u00e3o realizados em nove mil volunt\u00e1rios. Apenas profissionais da sa\u00fade que ainda n\u00e3o tiveram a doen\u00e7a e que atuam com pacientes com a covid-19 poder\u00e3o participar dos testes. Para atender aos crit\u00e9rios, esses profissionais da sa\u00fade n\u00e3o poder\u00e3o ter outras doen\u00e7as e nem estarem em fase de testes para outras vacinas. As volunt\u00e1rias mulheres tamb\u00e9m n\u00e3o poder\u00e3o estar gr\u00e1vidas.<\/span><\/p>\n<p><span style=\"font-weight: 400;\">A vacina \u00e9 aplicada em duas doses, com intervalo de 14 dias. Caso seja comprovado o sucesso da vacina, ela come\u00e7ar\u00e1 a ser produzida pelo Instituto Butantan.<\/span><\/p>\n<p><b>Vacina<\/b><\/p>\n<p><span style=\"font-weight: 400;\">A CoronaVac \u00e9 uma das vacinas contra o novo coronav\u00edrus (covid-19) em fase mais adiantada de testes. Ela j\u00e1 est\u00e1 na terceira etapa, chamada cl\u00ednica, de testagem em humanos. O laborat\u00f3rio chin\u00eas j\u00e1 realizou testes do produto em cerca de mil volunt\u00e1rios na China, nas fases 1 e 2. Antes, o modelo experimental aplicado em macacos apresentou resultados expressivos em termos de resposta imune contra as prote\u00ednas do v\u00edrus.<\/span><\/p>\n<p><span style=\"font-weight: 400;\">A vacina \u00e9 inativada, ou seja, cont\u00e9m apenas fragmentos do v\u00edrus inativos. Com a aplica\u00e7\u00e3o da dose, o sistema imunol\u00f3gico passaria a produzir anticorpos contra o agente causador da covid-19. No teste, metade das pessoas receber\u00e3o a vacina e metade receber\u00e1 placebo, subst\u00e2ncia in\u00f3cua. Os volunt\u00e1rios n\u00e3o saber\u00e3o que vacina receber\u00e3o.<\/span><\/p>\n<p><strong>Fonte:\u00a0<\/strong>Ag\u00eancia Brasil<\/p>\n","protected":false},"excerpt":{"rendered":"<p>Mais cinco centros de pesquisa do pa\u00eds v\u00e3o dar in\u00edcio ainda esta semana a testes com a vacina chinesa CoronaVac, da farmac\u00eautica Sinovac, desenvolvida em parceria com o Instituto Butantan. Na quarta-feira (5), as vacinas come\u00e7aram a ser aplicadas em profissionais da sa\u00fade na Universidade de Bras\u00edlia (UnB) e, nessa quinta-feira (6), no Hospital das [&hellip;]<\/p>\n","protected":false},"author":96,"featured_media":166192,"comment_status":"closed","ping_status":"closed","sticky":false,"template":"","format":"standard","meta":{"footnotes":""},"categories":[302,436,440,439],"tags":[],"class_list":["post-166191","post","type-post","status-publish","format-standard","has-post-thumbnail","hentry","category-brasil-mundo","category-destaque-da-semana","category-destaques-do-dia","category-ultima-hora"],"_links":{"self":[{"href":"https:\/\/diarioregionaldigital.com.br\/index.php?rest_route=\/wp\/v2\/posts\/166191","targetHints":{"allow":["GET"]}}],"collection":[{"href":"https:\/\/diarioregionaldigital.com.br\/index.php?rest_route=\/wp\/v2\/posts"}],"about":[{"href":"https:\/\/diarioregionaldigital.com.br\/index.php?rest_route=\/wp\/v2\/types\/post"}],"author":[{"embeddable":true,"href":"https:\/\/diarioregionaldigital.com.br\/index.php?rest_route=\/wp\/v2\/users\/96"}],"replies":[{"embeddable":true,"href":"https:\/\/diarioregionaldigital.com.br\/index.php?rest_route=%2Fwp%2Fv2%2Fcomments&post=166191"}],"version-history":[{"count":0,"href":"https:\/\/diarioregionaldigital.com.br\/index.php?rest_route=\/wp\/v2\/posts\/166191\/revisions"}],"wp:featuredmedia":[{"embeddable":true,"href":"https:\/\/diarioregionaldigital.com.br\/index.php?rest_route=\/wp\/v2\/media\/166192"}],"wp:attachment":[{"href":"https:\/\/diarioregionaldigital.com.br\/index.php?rest_route=%2Fwp%2Fv2%2Fmedia&parent=166191"}],"wp:term":[{"taxonomy":"category","embeddable":true,"href":"https:\/\/diarioregionaldigital.com.br\/index.php?rest_route=%2Fwp%2Fv2%2Fcategories&post=166191"},{"taxonomy":"post_tag","embeddable":true,"href":"https:\/\/diarioregionaldigital.com.br\/index.php?rest_route=%2Fwp%2Fv2%2Ftags&post=166191"}],"curies":[{"name":"wp","href":"https:\/\/api.w.org\/{rel}","templated":true}]}}