{"id":166188,"date":"2020-08-06T10:35:47","date_gmt":"2020-08-06T13:35:47","guid":{"rendered":"https:\/\/diarioregionaldigital.com.br\/?p=166188"},"modified":"2020-08-06T10:35:47","modified_gmt":"2020-08-06T13:35:47","slug":"bb-tem-lucro-liquido-de-r-32-bi-no-segundo-trimestre-queda-de-237","status":"publish","type":"post","link":"https:\/\/diarioregionaldigital.com.br\/?p=166188","title":{"rendered":"BB tem lucro l\u00edquido de R$ 3,2 bi no segundo trimestre, queda de 23,7%"},"content":{"rendered":"<p><span style=\"font-weight: 400;\">O Banco do Brasil (BB) registrou lucro l\u00edquido de R$ 3,2 bilh\u00f5es no segundo trimestre deste ano, resultado 23,7% menor do que em igual per\u00edodo de 2019 (R$ 4,2 bilh\u00f5es). Os n\u00fameros foram nesta quinta-feira (6), em Bras\u00edlia.<\/span><span style=\"font-weight: 400;\">No primeiro semestre, o lucro l\u00edquido somou R$ 6,413 bilh\u00f5es, queda de 21,9% em rela\u00e7\u00e3o ao mesmo per\u00edodo do ano passado.<\/span><\/p>\n<p><span style=\"font-weight: 400;\">O lucro l\u00edquido ajustado, que n\u00e3o considera eventos extraordin\u00e1rios, chegou a R$ 6,7 bilh\u00f5es no primeiro semestre de 2020, redu\u00e7\u00e3o de 22,7% em rela\u00e7\u00e3o a igual per\u00edodo de 2019. No primeiro semestre, o BB informou que realizou antecipa\u00e7\u00e3o prudencial em suas provis\u00f5es de cr\u00e9dito, que resultou em refor\u00e7o de R$ 4 bilh\u00f5es.<\/span><\/p>\n<p><span style=\"font-weight: 400;\">No segundo trimestre, o lucro l\u00edquido ajustado chegou a R$ 3,3 bilh\u00f5es, com recuo de 25,3% em rela\u00e7\u00e3o ao mesmo per\u00edodo de 2019, quando foi registrado resultado de R$ 4,4 bilh\u00f5es.<\/span><\/p>\n<p><span style=\"font-weight: 400;\">Segundo o BB, apesar da queda do lucro, a gera\u00e7\u00e3o de neg\u00f3cios permaneceu forte devido ao \u201ccrescimento da carteira de cr\u00e9dito com um mix adequado, o controle de gastos e a redu\u00e7\u00e3o de despesas com risco legal\u201d.<\/span><\/p>\n<p><span style=\"font-weight: 400;\">O banco disse que os efeitos da pandemia sobre a economia implicaram na redu\u00e7\u00e3o da demanda por produtos e servi\u00e7os, o que impactou as receitas com presta\u00e7\u00e3o de servi\u00e7os, tanto na compara\u00e7\u00e3o trimestral quanto na semestral.\u00a0<\/span><\/p>\n<p><span style=\"font-weight: 400;\">\u201cMesmo diante desse cen\u00e1rio, na compara\u00e7\u00e3o semestral [primeiro semestre deste ano contra igual per\u00edodo de 2019], os segmentos de administra\u00e7\u00e3o de fundos, seguros, previd\u00eancia e capitaliza\u00e7\u00e3o e cons\u00f3rcios apresentaram bom desempenho, fruto da oferta qualificada de produtos e servi\u00e7os, inclusive nos meios digitais. Na compara\u00e7\u00e3o trimestral (segundo trimestre contra o primeiro deste ano), destaque para as receitas com mercado de capitais, que tiveram crescimento de 49,9%, explicado pela retomada gradual desse mercado onde a estrat\u00e9gia de atua\u00e7\u00e3o do BB permanece forte\u201d, diz o banco.<\/span><\/p>\n<p><b>Cr\u00e9dito<\/b><\/p>\n<p><span style=\"font-weight: 400;\">A carteira de cr\u00e9dito ampliada (empr\u00e9stimos mais as opera\u00e7\u00f5es com t\u00edtulos, valores mobili\u00e1rios privados e garantias) totalizou R$ 721,6 bilh\u00f5es, crescimento de 5,1% em 12 meses.<\/span><\/p>\n<p><span style=\"font-weight: 400;\">A carteira para pessoas f\u00edsicas cresceu 5,3% na compara\u00e7\u00e3o com junho. \u201cDestaque para o desempenho positivo em cr\u00e9dito consignado, que evoluiu 14,6% em 12 meses, e da linha empr\u00e9stimo pessoal, que cresceu 15,9% no mesmo per\u00edodo e alcan\u00e7ou R$ 11,3 bilh\u00f5es\u201d, disse o banco.<\/span><\/p>\n<p><span style=\"font-weight: 400;\">A carteira de cr\u00e9dito ampliada para pessoas jur\u00eddicas cresceu 5,3% na compara\u00e7\u00e3o anual e totalizou R$ 271,4 bilh\u00f5es. A carteira para micro, pequenas e m\u00e9dias empresas cresceu 10,3% em 12 meses, puxada pelo aumento de 27,7% no capital de giro.<\/span><\/p>\n<p><span style=\"font-weight: 400;\">A carteira rural ampliada apresentou desempenho positivo de 2,4% na compara\u00e7\u00e3o anual, totalizando R$ 174,4 bilh\u00f5es. \u201cDestaque para a carteira para produtores pessoas f\u00edsicas que cresceu 5,4%. O programa Agricultura de Baixo Carbono (ABC) completou dez anos em 2020 com desembolso superior a R$ 15,4 bilh\u00f5es. O programa financia projetos de investimento que contribuam para a redu\u00e7\u00e3o da emiss\u00e3o dos gases de efeito estufa\u201d, ressaltou o BB.<\/span><\/p>\n<p><b>Prorroga\u00e7\u00f5es e renegocia\u00e7\u00e3o<\/b><\/p>\n<p><span style=\"font-weight: 400;\">Entre 16 de mar\u00e7o e 30 de junho, foram prorrogadas mais de 1,7 milh\u00e3o de opera\u00e7\u00f5es, com saldo de R$ 71,8 bilh\u00f5es, o que representa 11,6% da carteira de cr\u00e9dito interna. Desse montante, 98,8% n\u00e3o tinham hist\u00f3rico de atraso nos \u00faltimos 12 meses. Al\u00e9m disso, 69,1% est\u00e3o atreladas a garantias e a mitigadores. O tempo m\u00e9dio de relacionamento dos clientes que prorrogaram opera\u00e7\u00f5es \u00e9 de 14 anos.<\/span><\/p>\n<p><span style=\"font-weight: 400;\">De acordo com o banco, foram registrados mais de R$ 171,5 bilh\u00f5es em desembolso de cr\u00e9dito, incluindo opera\u00e7\u00f5es novas, renova\u00e7\u00f5es, prorroga\u00e7\u00f5es e renegocia\u00e7\u00f5es.\u00a0<\/span><\/p>\n<p><span style=\"font-weight: 400;\">\u201cDestaque para o desembolso de R$ 5 bilh\u00f5es do Programa Nacional de Apoio \u00e0s Microempresas e Empresas de Pequeno Porte (Pronampe), que foram disponibilizados para mais de 80 mil clientes entre os dias 1\u00b0 e 10 de julho\u201d, afirma a institui\u00e7\u00e3o.<\/span><\/p>\n<p><b>Inadimpl\u00eancia<\/b><\/p>\n<p><span style=\"font-weight: 400;\">O \u00edndice de inadimpl\u00eancia superior a 90 dias sofreu queda de 0,36 ponto percentual frente a mar\u00e7o de 2020, alcan\u00e7ando 2,84% em junho, total inferior ao registrado pelo Sistema Financeiro Nacional (2,9%).\u00a0\u00a0<\/span><\/p>\n<p><strong>Fonte:<\/strong> Ag\u00eancia C\u00e2mara<\/p>\n","protected":false},"excerpt":{"rendered":"<p>O Banco do Brasil (BB) registrou lucro l\u00edquido de R$ 3,2 bilh\u00f5es no segundo trimestre deste ano, resultado 23,7% menor do que em igual per\u00edodo de 2019 (R$ 4,2 bilh\u00f5es). Os n\u00fameros foram nesta quinta-feira (6), em Bras\u00edlia.No primeiro semestre, o lucro l\u00edquido somou R$ 6,413 bilh\u00f5es, queda de 21,9% em rela\u00e7\u00e3o ao mesmo per\u00edodo [&hellip;]<\/p>\n","protected":false},"author":96,"featured_media":166189,"comment_status":"closed","ping_status":"closed","sticky":false,"template":"","format":"standard","meta":{"footnotes":""},"categories":[436,261,439],"tags":[],"class_list":["post-166188","post","type-post","status-publish","format-standard","has-post-thumbnail","hentry","category-destaque-da-semana","category-economia","category-ultima-hora"],"_links":{"self":[{"href":"https:\/\/diarioregionaldigital.com.br\/index.php?rest_route=\/wp\/v2\/posts\/166188","targetHints":{"allow":["GET"]}}],"collection":[{"href":"https:\/\/diarioregionaldigital.com.br\/index.php?rest_route=\/wp\/v2\/posts"}],"about":[{"href":"https:\/\/diarioregionaldigital.com.br\/index.php?rest_route=\/wp\/v2\/types\/post"}],"author":[{"embeddable":true,"href":"https:\/\/diarioregionaldigital.com.br\/index.php?rest_route=\/wp\/v2\/users\/96"}],"replies":[{"embeddable":true,"href":"https:\/\/diarioregionaldigital.com.br\/index.php?rest_route=%2Fwp%2Fv2%2Fcomments&post=166188"}],"version-history":[{"count":0,"href":"https:\/\/diarioregionaldigital.com.br\/index.php?rest_route=\/wp\/v2\/posts\/166188\/revisions"}],"wp:featuredmedia":[{"embeddable":true,"href":"https:\/\/diarioregionaldigital.com.br\/index.php?rest_route=\/wp\/v2\/media\/166189"}],"wp:attachment":[{"href":"https:\/\/diarioregionaldigital.com.br\/index.php?rest_route=%2Fwp%2Fv2%2Fmedia&parent=166188"}],"wp:term":[{"taxonomy":"category","embeddable":true,"href":"https:\/\/diarioregionaldigital.com.br\/index.php?rest_route=%2Fwp%2Fv2%2Fcategories&post=166188"},{"taxonomy":"post_tag","embeddable":true,"href":"https:\/\/diarioregionaldigital.com.br\/index.php?rest_route=%2Fwp%2Fv2%2Ftags&post=166188"}],"curies":[{"name":"wp","href":"https:\/\/api.w.org\/{rel}","templated":true}]}}