{"id":166181,"date":"2020-08-06T10:22:07","date_gmt":"2020-08-06T13:22:07","guid":{"rendered":"https:\/\/diarioregionaldigital.com.br\/?p=166181"},"modified":"2020-08-06T10:22:07","modified_gmt":"2020-08-06T13:22:07","slug":"minas-gerais-registra-mais-109-mortes-por-coronavirus","status":"publish","type":"post","link":"https:\/\/diarioregionaldigital.com.br\/?p=166181","title":{"rendered":"Minas Gerais registra mais 109 mortes por Coronav\u00edrus"},"content":{"rendered":"<p>A Secretaria de Estado da Sa\u00fade de Minas Gerais (SES-MG), informa em\u00a0<a href=\"https:\/\/saude.mg.gov.br\/images\/1_noticias\/10_2020\/1_jul-ago-set\/05-08_Boletim__pidemiologico_COVID-19.pdf\">boletim epidemiol\u00f3gico<\/a> desta quinta-feira (6), que o estado registrou aumento de mais 109 mortes confirmadas por Coronav\u00edrus, totalizando 3.304. Conforme o levantamento, houve registro de mais 3.167 pessoas infectadas, contabilizando 142.828. Segundo o boletim, 111.801 pacientes est\u00e3o recuperados da doen\u00e7a, representando 78,2% dos casos. Al\u00e9m disso, 27.723 fazem acompanhamento m\u00e9dico. At\u00e9 ent\u00e3o foram feitos 80.494 testes laboratoriais, sendo que 19.836 deram positivo, 57.699 deram negativo e 1.586 est\u00e3o sob an\u00e1lise.<\/p>\n<p>A SES-MG informa que com a unifica\u00e7\u00e3o das informa\u00e7\u00f5es repassadas pelas prefeituras ao sistema federal, n\u00e3o ser\u00e3o feitas divulga\u00e7\u00f5es sobre os \u00f3bitos, como sexo e idade, de forma tempor\u00e1ria. A previs\u00e3o \u00e9 que as tais informa\u00e7\u00f5es sejam retomadas na pr\u00f3xima semana.<\/p>\n","protected":false},"excerpt":{"rendered":"<p>A Secretaria de Estado da Sa\u00fade de Minas Gerais (SES-MG), informa em\u00a0boletim epidemiol\u00f3gico desta quinta-feira (6), que o estado registrou aumento de mais 109 mortes confirmadas por Coronav\u00edrus, totalizando 3.304. Conforme o levantamento, houve registro de mais 3.167 pessoas infectadas, contabilizando 142.828. Segundo o boletim, 111.801 pacientes est\u00e3o recuperados da doen\u00e7a, representando 78,2% dos casos. [&hellip;]<\/p>\n","protected":false},"author":96,"featured_media":157429,"comment_status":"closed","ping_status":"closed","sticky":false,"template":"","format":"standard","meta":{"footnotes":""},"categories":[436,440,252,439],"tags":[],"class_list":["post-166181","post","type-post","status-publish","format-standard","has-post-thumbnail","hentry","category-destaque-da-semana","category-destaques-do-dia","category-regiao","category-ultima-hora"],"_links":{"self":[{"href":"https:\/\/diarioregionaldigital.com.br\/index.php?rest_route=\/wp\/v2\/posts\/166181","targetHints":{"allow":["GET"]}}],"collection":[{"href":"https:\/\/diarioregionaldigital.com.br\/index.php?rest_route=\/wp\/v2\/posts"}],"about":[{"href":"https:\/\/diarioregionaldigital.com.br\/index.php?rest_route=\/wp\/v2\/types\/post"}],"author":[{"embeddable":true,"href":"https:\/\/diarioregionaldigital.com.br\/index.php?rest_route=\/wp\/v2\/users\/96"}],"replies":[{"embeddable":true,"href":"https:\/\/diarioregionaldigital.com.br\/index.php?rest_route=%2Fwp%2Fv2%2Fcomments&post=166181"}],"version-history":[{"count":0,"href":"https:\/\/diarioregionaldigital.com.br\/index.php?rest_route=\/wp\/v2\/posts\/166181\/revisions"}],"wp:featuredmedia":[{"embeddable":true,"href":"https:\/\/diarioregionaldigital.com.br\/index.php?rest_route=\/wp\/v2\/media\/157429"}],"wp:attachment":[{"href":"https:\/\/diarioregionaldigital.com.br\/index.php?rest_route=%2Fwp%2Fv2%2Fmedia&parent=166181"}],"wp:term":[{"taxonomy":"category","embeddable":true,"href":"https:\/\/diarioregionaldigital.com.br\/index.php?rest_route=%2Fwp%2Fv2%2Fcategories&post=166181"},{"taxonomy":"post_tag","embeddable":true,"href":"https:\/\/diarioregionaldigital.com.br\/index.php?rest_route=%2Fwp%2Fv2%2Ftags&post=166181"}],"curies":[{"name":"wp","href":"https:\/\/api.w.org\/{rel}","templated":true}]}}