{"id":166175,"date":"2020-08-06T06:00:06","date_gmt":"2020-08-06T09:00:06","guid":{"rendered":"https:\/\/diarioregionaldigital.com.br\/?p=166175"},"modified":"2020-08-05T23:56:08","modified_gmt":"2020-08-06T02:56:08","slug":"5-estrelas","status":"publish","type":"post","link":"https:\/\/diarioregionaldigital.com.br\/?p=166175","title":{"rendered":"5 Estrelas"},"content":{"rendered":"<p style=\"text-align: center;\"><strong>5 Estrelas<\/strong><\/p>\n<p style=\"text-align: center;\">Com cota\u00e7\u00e3o alt\u00edssima o Departamento de F\u00edsica da UFJF \u00e9 o sexto melhor do pa\u00eds e um dos 400 melhores do mundo. A boa not\u00edcia foi publicada recentemente pelo Shangai Rankings Global Ranking of Academic Subjects 2020.<\/p>\n<p style=\"text-align: center;\"><strong>Sucesso Total<\/strong><\/p>\n<p style=\"text-align: center;\">Celinho Vidal est\u00e1 fazendo furor com suas cestas deliciosas de iguarias finas. Recentemente ele foi respons\u00e1vel pelo convite da Thema para a live no Instagram com o lan\u00e7amento do VolksWagem Nivus. Os convidados para assistir adoraram a cesta.<\/p>\n<p style=\"text-align: center;\"><strong>Tiau<\/strong><\/p>\n<p style=\"text-align: center;\">Aberta h\u00e1 menos de dois anos em S\u00e3o Paulo, a \u00fanica unidade brasileira da rede de hot\u00e9is de luxo Four Seasons fechou suas portas na quarentena e n\u00e3o mais reabrir\u00e1. Deu Bye, Bye, Brasil.<\/p>\n<p style=\"text-align: center;\"><strong>L\u00edrico e Po\u00e9tico<\/strong><\/p>\n<p style=\"text-align: center;\">A conceituada escritora Maria Helena Sleutjes da Editora Gryphon vai lan\u00e7ar em breve a cole\u00e7\u00e3o \u201cPoesia em flor\u201d, com dez minibooks dos laureados escritores: Alice Gervason, Cecy Barbosa Campos, Elizabeth Sacchetto, Luiz Almeida, Marcelo Esp\u00edndola, Maria Aparecida Lacerda, Marisa Pontes, Ros\u00e2ngela Rossi, Maria Timponi.<\/p>\n<div id=\"attachment_166161\" style=\"width: 690px\" class=\"wp-caption aligncenter\"><img loading=\"lazy\" decoding=\"async\" aria-describedby=\"caption-attachment-166161\" class=\"wp-image-166161\" src=\"https:\/\/diarioregionaldigital.com.br\/wp-content\/uploads\/2020\/08\/fotoa-1-e1596681257869.jpg\" alt=\"\" width=\"680\" height=\"477\" srcset=\"https:\/\/diarioregionaldigital.com.br\/wp-content\/uploads\/2020\/08\/fotoa-1-e1596681257869.jpg 1171w, https:\/\/diarioregionaldigital.com.br\/wp-content\/uploads\/2020\/08\/fotoa-1-e1596681257869-300x210.jpg 300w, https:\/\/diarioregionaldigital.com.br\/wp-content\/uploads\/2020\/08\/fotoa-1-e1596681257869-1024x719.jpg 1024w, https:\/\/diarioregionaldigital.com.br\/wp-content\/uploads\/2020\/08\/fotoa-1-e1596681257869-768x539.jpg 768w, https:\/\/diarioregionaldigital.com.br\/wp-content\/uploads\/2020\/08\/fotoa-1-e1596681257869-360x253.jpg 360w, https:\/\/diarioregionaldigital.com.br\/wp-content\/uploads\/2020\/08\/fotoa-1-e1596681257869-100x70.jpg 100w\" sizes=\"auto, (max-width: 680px) 100vw, 680px\" \/><p id=\"caption-attachment-166161\" class=\"wp-caption-text\">O coiffeur de astros e estrelas, Carlos Badico posou com o c\u00e3o Bandit que concorre pelo Brasil como um dos melhores malteses<\/p><\/div>\n<div id=\"attachment_166162\" style=\"width: 690px\" class=\"wp-caption aligncenter\"><img loading=\"lazy\" decoding=\"async\" aria-describedby=\"caption-attachment-166162\" class=\"wp-image-166162\" src=\"https:\/\/diarioregionaldigital.com.br\/wp-content\/uploads\/2020\/08\/fotob-2-e1596681282877.jpg\" alt=\"\" width=\"680\" height=\"514\" srcset=\"https:\/\/diarioregionaldigital.com.br\/wp-content\/uploads\/2020\/08\/fotob-2-e1596681282877.jpg 558w, https:\/\/diarioregionaldigital.com.br\/wp-content\/uploads\/2020\/08\/fotob-2-e1596681282877-300x227.jpg 300w, https:\/\/diarioregionaldigital.com.br\/wp-content\/uploads\/2020\/08\/fotob-2-e1596681282877-360x272.jpg 360w\" sizes=\"auto, (max-width: 680px) 100vw, 680px\" \/><p id=\"caption-attachment-166162\" class=\"wp-caption-text\">O inverno de Jonas Quitz em plena sintonia com shows sertanejos antes da pandemia<\/p><\/div>\n<div id=\"attachment_166163\" style=\"width: 690px\" class=\"wp-caption aligncenter\"><img loading=\"lazy\" decoding=\"async\" aria-describedby=\"caption-attachment-166163\" class=\"wp-image-166163\" src=\"https:\/\/diarioregionaldigital.com.br\/wp-content\/uploads\/2020\/08\/fotoc-2-e1596681345717.jpg\" alt=\"\" width=\"680\" height=\"511\" srcset=\"https:\/\/diarioregionaldigital.com.br\/wp-content\/uploads\/2020\/08\/fotoc-2-e1596681345717.jpg 713w, https:\/\/diarioregionaldigital.com.br\/wp-content\/uploads\/2020\/08\/fotoc-2-e1596681345717-300x226.jpg 300w, https:\/\/diarioregionaldigital.com.br\/wp-content\/uploads\/2020\/08\/fotoc-2-e1596681345717-360x271.jpg 360w\" sizes=\"auto, (max-width: 680px) 100vw, 680px\" \/><p id=\"caption-attachment-166163\" class=\"wp-caption-text\">A radialista de n\u00edvel nacional Leandra Lil, com esperan\u00e7a de dias melhores<\/p><\/div>\n<div id=\"attachment_166165\" style=\"width: 690px\" class=\"wp-caption aligncenter\"><img loading=\"lazy\" decoding=\"async\" aria-describedby=\"caption-attachment-166165\" class=\"wp-image-166165\" src=\"https:\/\/diarioregionaldigital.com.br\/wp-content\/uploads\/2020\/08\/fotoe-2-e1596681423282.jpg\" alt=\"\" width=\"680\" height=\"467\" srcset=\"https:\/\/diarioregionaldigital.com.br\/wp-content\/uploads\/2020\/08\/fotoe-2-e1596681423282.jpg 1544w, https:\/\/diarioregionaldigital.com.br\/wp-content\/uploads\/2020\/08\/fotoe-2-e1596681423282-300x206.jpg 300w, https:\/\/diarioregionaldigital.com.br\/wp-content\/uploads\/2020\/08\/fotoe-2-e1596681423282-1024x703.jpg 1024w, https:\/\/diarioregionaldigital.com.br\/wp-content\/uploads\/2020\/08\/fotoe-2-e1596681423282-768x527.jpg 768w, https:\/\/diarioregionaldigital.com.br\/wp-content\/uploads\/2020\/08\/fotoe-2-e1596681423282-1536x1055.jpg 1536w, https:\/\/diarioregionaldigital.com.br\/wp-content\/uploads\/2020\/08\/fotoe-2-e1596681423282-360x247.jpg 360w, https:\/\/diarioregionaldigital.com.br\/wp-content\/uploads\/2020\/08\/fotoe-2-e1596681423282-100x70.jpg 100w\" sizes=\"auto, (max-width: 680px) 100vw, 680px\" \/><p id=\"caption-attachment-166165\" class=\"wp-caption-text\">Na Sui\u00e7a em plena floresta, o querido casal Charles Tam e Veralice Tam<\/p><\/div>\n<div id=\"attachment_166166\" style=\"width: 690px\" class=\"wp-caption aligncenter\"><img loading=\"lazy\" decoding=\"async\" aria-describedby=\"caption-attachment-166166\" class=\"wp-image-166166\" src=\"https:\/\/diarioregionaldigital.com.br\/wp-content\/uploads\/2020\/08\/fotof-e1596681456384.jpeg\" alt=\"\" width=\"680\" height=\"459\" srcset=\"https:\/\/diarioregionaldigital.com.br\/wp-content\/uploads\/2020\/08\/fotof-e1596681456384.jpeg 1036w, https:\/\/diarioregionaldigital.com.br\/wp-content\/uploads\/2020\/08\/fotof-e1596681456384-300x203.jpeg 300w, https:\/\/diarioregionaldigital.com.br\/wp-content\/uploads\/2020\/08\/fotof-e1596681456384-1024x692.jpeg 1024w, https:\/\/diarioregionaldigital.com.br\/wp-content\/uploads\/2020\/08\/fotof-e1596681456384-768x519.jpeg 768w, https:\/\/diarioregionaldigital.com.br\/wp-content\/uploads\/2020\/08\/fotof-e1596681456384-360x243.jpeg 360w\" sizes=\"auto, (max-width: 680px) 100vw, 680px\" \/><p id=\"caption-attachment-166166\" class=\"wp-caption-text\">O estilo moderno de designer M\u00e1rcio Sawabona \u00e9 destaque hoje nesta p\u00e1gina<\/p><\/div>\n<div id=\"attachment_166169\" style=\"width: 690px\" class=\"wp-caption aligncenter\"><img loading=\"lazy\" decoding=\"async\" aria-describedby=\"caption-attachment-166169\" class=\"wp-image-166169\" src=\"https:\/\/diarioregionaldigital.com.br\/wp-content\/uploads\/2020\/08\/fotoi-e1596681573737.jpeg\" alt=\"\" width=\"680\" height=\"487\" srcset=\"https:\/\/diarioregionaldigital.com.br\/wp-content\/uploads\/2020\/08\/fotoi-e1596681573737.jpeg 1104w, https:\/\/diarioregionaldigital.com.br\/wp-content\/uploads\/2020\/08\/fotoi-e1596681573737-300x215.jpeg 300w, https:\/\/diarioregionaldigital.com.br\/wp-content\/uploads\/2020\/08\/fotoi-e1596681573737-1024x733.jpeg 1024w, https:\/\/diarioregionaldigital.com.br\/wp-content\/uploads\/2020\/08\/fotoi-e1596681573737-768x550.jpeg 768w, https:\/\/diarioregionaldigital.com.br\/wp-content\/uploads\/2020\/08\/fotoi-e1596681573737-360x258.jpeg 360w\" sizes=\"auto, (max-width: 680px) 100vw, 680px\" \/><p id=\"caption-attachment-166169\" class=\"wp-caption-text\">Nice do Nascimento produzida pelo coiffeur das estrelas Rhuan Fontes<\/p><\/div>\n<div id=\"attachment_166164\" style=\"width: 690px\" class=\"wp-caption aligncenter\"><img loading=\"lazy\" decoding=\"async\" aria-describedby=\"caption-attachment-166164\" class=\"wp-image-166164\" src=\"https:\/\/diarioregionaldigital.com.br\/wp-content\/uploads\/2020\/08\/fotod-2-e1596681394667.jpg\" alt=\"\" width=\"680\" height=\"486\" srcset=\"https:\/\/diarioregionaldigital.com.br\/wp-content\/uploads\/2020\/08\/fotod-2-e1596681394667.jpg 933w, https:\/\/diarioregionaldigital.com.br\/wp-content\/uploads\/2020\/08\/fotod-2-e1596681394667-300x214.jpg 300w, https:\/\/diarioregionaldigital.com.br\/wp-content\/uploads\/2020\/08\/fotod-2-e1596681394667-768x549.jpg 768w, https:\/\/diarioregionaldigital.com.br\/wp-content\/uploads\/2020\/08\/fotod-2-e1596681394667-360x257.jpg 360w, https:\/\/diarioregionaldigital.com.br\/wp-content\/uploads\/2020\/08\/fotod-2-e1596681394667-100x70.jpg 100w\" sizes=\"auto, (max-width: 680px) 100vw, 680px\" \/><p id=\"caption-attachment-166164\" class=\"wp-caption-text\">Antes da pandemia curtindo a natureza, os empres\u00e1rios bonit\u00f5es Adauto Elias Coelho e Francisco Baldine<\/p><\/div>\n<div id=\"attachment_166168\" style=\"width: 690px\" class=\"wp-caption aligncenter\"><img loading=\"lazy\" decoding=\"async\" aria-describedby=\"caption-attachment-166168\" class=\"wp-image-166168\" src=\"https:\/\/diarioregionaldigital.com.br\/wp-content\/uploads\/2020\/08\/fotoh-e1596681526205.jpg\" alt=\"\" width=\"680\" height=\"471\" srcset=\"https:\/\/diarioregionaldigital.com.br\/wp-content\/uploads\/2020\/08\/fotoh-e1596681526205.jpg 931w, https:\/\/diarioregionaldigital.com.br\/wp-content\/uploads\/2020\/08\/fotoh-e1596681526205-300x208.jpg 300w, https:\/\/diarioregionaldigital.com.br\/wp-content\/uploads\/2020\/08\/fotoh-e1596681526205-768x532.jpg 768w, https:\/\/diarioregionaldigital.com.br\/wp-content\/uploads\/2020\/08\/fotoh-e1596681526205-360x249.jpg 360w, https:\/\/diarioregionaldigital.com.br\/wp-content\/uploads\/2020\/08\/fotoh-e1596681526205-100x70.jpg 100w\" sizes=\"auto, (max-width: 680px) 100vw, 680px\" \/><p id=\"caption-attachment-166168\" class=\"wp-caption-text\">O fisioterapeuta Ramon David observa Juiz de Fora, cidade onde mora e produz al\u00edvio aos pacientes de sua cl\u00ednica<\/p><\/div>\n<div id=\"attachment_166167\" style=\"width: 690px\" class=\"wp-caption aligncenter\"><img loading=\"lazy\" decoding=\"async\" aria-describedby=\"caption-attachment-166167\" class=\"wp-image-166167\" src=\"https:\/\/diarioregionaldigital.com.br\/wp-content\/uploads\/2020\/08\/fotog-2-e1596681490592.jpg\" alt=\"\" width=\"680\" height=\"458\" srcset=\"https:\/\/diarioregionaldigital.com.br\/wp-content\/uploads\/2020\/08\/fotog-2-e1596681490592.jpg 1196w, https:\/\/diarioregionaldigital.com.br\/wp-content\/uploads\/2020\/08\/fotog-2-e1596681490592-300x202.jpg 300w, https:\/\/diarioregionaldigital.com.br\/wp-content\/uploads\/2020\/08\/fotog-2-e1596681490592-1024x690.jpg 1024w, https:\/\/diarioregionaldigital.com.br\/wp-content\/uploads\/2020\/08\/fotog-2-e1596681490592-768x518.jpg 768w, https:\/\/diarioregionaldigital.com.br\/wp-content\/uploads\/2020\/08\/fotog-2-e1596681490592-360x243.jpg 360w\" sizes=\"auto, (max-width: 680px) 100vw, 680px\" \/><p id=\"caption-attachment-166167\" class=\"wp-caption-text\">Ilustres em reuni\u00e3o na MultSa\u00fade em Matias Barbosa, o m\u00e9dico Vin\u00edcius Menezes, a empres\u00e1ria Marcelle Oliveira e o advogado Diego Oliveira<\/p><\/div>\n<p style=\"text-align: center;\"><strong>FOTOSS\u00cdNTESE<\/strong><\/p>\n<p>Correio Elegante: Super abra\u00e7o virtual para: Charles Combat, Aninha e Ana Paula Calixto, J\u00falio Zanini, Paulo Gaio, Eridan Le\u00e3o, Laura Villa\u00e7a, Jo\u00e3o Arthur e Marina Arcuri, S\u00e9rgio Rocha, T\u00e2nia Gehara, Toninho Carvalho.<\/p>\n<p>Depois de 54 anos atuando com compet\u00eancia em sua clinica o m\u00e9dico otorrinolaringologista, Jos\u00e9 Tib\u00farcio Salgado fechou as portas e est\u00e1 em isolamento social em sua bonita resid\u00eancia.<\/p>\n<p>Os procuradores da fazenda Nacional, Daniel Giotti de Paula e Allan Titonelli brilham intensamente na organiza\u00e7\u00e3o do livro \u201c1981 ficou marcado na historia\u201d, que traz cr\u00f4nicas de flamenguistas relembrando os anos m\u00e1gicos. Saiu pela Editora Livros de Futebol.<\/p>\n<p>Com rel\u00edquias para decora\u00e7\u00e3o, a Antigu\u00edssima Decor mistura o novo com o moderno fazendo compos\u00e9 para ambientes aconchegantes com plantas verdes. Emparelhados est\u00e3o os porta-joias com flores em alto relevo e os aparelhos de ch\u00e1 com bordas douradas. Chiqu\u00e9rrimos.<\/p>\n<p>Um show de prote\u00e7\u00e3o a M\u00e1scara Antivisual da Torp.<\/p>\n<p>Segundo Batista Coqueiral, a pausa for\u00e7ada \u00e9 convite para o carnaval de Juiz de Fora se reestruture.<\/p>\n<p>O viaduto em constru\u00e7\u00e3o na Avenida Francisco Bernardino, sobre a linha f\u00e9rrea levar\u00e1 o nome \u201cArquiteto Helio F\u00e1del Ara\u00fajo\u201d, em projeto de lei do vereador Z\u00e9 M\u00e1rcio (Garotinho). Merecid\u00edssimo.<\/p>\n<p>Perguntinha: Ondas n\u00e3o s\u00e3o do mar? Cartas para a reda\u00e7\u00e3o.<\/p>\n<p>Por conta da Pandemia, a prefeitura do Rio de Janeiro suspendeu festa de r\u00e9veillon na orla.<\/p>\n<p>Frase de para-choque de caminh\u00e3o: \u201cEm um mundo que me t\u00e1 dizendo para ir, a gente te convida a ficar\u201d. Bom dia.<\/p>\n<p><img loading=\"lazy\" decoding=\"async\" class=\"aligncenter size-full wp-image-166170\" src=\"https:\/\/diarioregionaldigital.com.br\/wp-content\/uploads\/2020\/08\/anuncio47-scaled.jpg\" alt=\"\" width=\"2560\" height=\"935\" srcset=\"https:\/\/diarioregionaldigital.com.br\/wp-content\/uploads\/2020\/08\/anuncio47-scaled.jpg 2560w, https:\/\/diarioregionaldigital.com.br\/wp-content\/uploads\/2020\/08\/anuncio47-300x110.jpg 300w, https:\/\/diarioregionaldigital.com.br\/wp-content\/uploads\/2020\/08\/anuncio47-1024x374.jpg 1024w, https:\/\/diarioregionaldigital.com.br\/wp-content\/uploads\/2020\/08\/anuncio47-768x280.jpg 768w, https:\/\/diarioregionaldigital.com.br\/wp-content\/uploads\/2020\/08\/anuncio47-1536x561.jpg 1536w, https:\/\/diarioregionaldigital.com.br\/wp-content\/uploads\/2020\/08\/anuncio47-2048x748.jpg 2048w, https:\/\/diarioregionaldigital.com.br\/wp-content\/uploads\/2020\/08\/anuncio47-360x131.jpg 360w\" sizes=\"auto, (max-width: 2560px) 100vw, 2560px\" \/><\/p>\n","protected":false},"excerpt":{"rendered":"<p>5 Estrelas Com cota\u00e7\u00e3o alt\u00edssima o Departamento de F\u00edsica da UFJF \u00e9 o sexto melhor do pa\u00eds e um dos 400 melhores do mundo. A boa not\u00edcia foi publicada recentemente pelo Shangai Rankings Global Ranking of Academic Subjects 2020. Sucesso Total Celinho Vidal est\u00e1 fazendo furor com suas cestas deliciosas de iguarias finas. Recentemente ele [&hellip;]<\/p>\n","protected":false},"author":96,"featured_media":166161,"comment_status":"closed","ping_status":"closed","sticky":false,"template":"","format":"standard","meta":{"footnotes":""},"categories":[264],"tags":[],"class_list":["post-166175","post","type-post","status-publish","format-standard","has-post-thumbnail","hentry","category-eduardo-gomes"],"_links":{"self":[{"href":"https:\/\/diarioregionaldigital.com.br\/index.php?rest_route=\/wp\/v2\/posts\/166175","targetHints":{"allow":["GET"]}}],"collection":[{"href":"https:\/\/diarioregionaldigital.com.br\/index.php?rest_route=\/wp\/v2\/posts"}],"about":[{"href":"https:\/\/diarioregionaldigital.com.br\/index.php?rest_route=\/wp\/v2\/types\/post"}],"author":[{"embeddable":true,"href":"https:\/\/diarioregionaldigital.com.br\/index.php?rest_route=\/wp\/v2\/users\/96"}],"replies":[{"embeddable":true,"href":"https:\/\/diarioregionaldigital.com.br\/index.php?rest_route=%2Fwp%2Fv2%2Fcomments&post=166175"}],"version-history":[{"count":0,"href":"https:\/\/diarioregionaldigital.com.br\/index.php?rest_route=\/wp\/v2\/posts\/166175\/revisions"}],"wp:featuredmedia":[{"embeddable":true,"href":"https:\/\/diarioregionaldigital.com.br\/index.php?rest_route=\/wp\/v2\/media\/166161"}],"wp:attachment":[{"href":"https:\/\/diarioregionaldigital.com.br\/index.php?rest_route=%2Fwp%2Fv2%2Fmedia&parent=166175"}],"wp:term":[{"taxonomy":"category","embeddable":true,"href":"https:\/\/diarioregionaldigital.com.br\/index.php?rest_route=%2Fwp%2Fv2%2Fcategories&post=166175"},{"taxonomy":"post_tag","embeddable":true,"href":"https:\/\/diarioregionaldigital.com.br\/index.php?rest_route=%2Fwp%2Fv2%2Ftags&post=166175"}],"curies":[{"name":"wp","href":"https:\/\/api.w.org\/{rel}","templated":true}]}}