{"id":166158,"date":"2020-08-05T20:41:20","date_gmt":"2020-08-05T23:41:20","guid":{"rendered":"https:\/\/diarioregionaldigital.com.br\/?p=166158"},"modified":"2020-08-05T20:41:20","modified_gmt":"2020-08-05T23:41:20","slug":"covid-19-brasil-tem-97-256-obitos-e-202-milhoes-de-recuperados","status":"publish","type":"post","link":"https:\/\/diarioregionaldigital.com.br\/?p=166158","title":{"rendered":"Covid-19: Brasil tem 97.256 \u00f3bitos e 2,02 milh\u00f5es de recuperados"},"content":{"rendered":"<p>O balan\u00e7o di\u00e1rio do Minist\u00e9rio da Sa\u00fade &#8211; divulgado nesta quarta(5) &#8211; mostra que o Brasil tem\u00a02.859.073 casos acumulados de covid-19. Desse total, 70,7% se recuperaram da doen\u00e7a, ou seja, 2.020.637 pessoas;\u00a097.256 faleceram e\u00a0741.180 pacientes est\u00e3o em tratamento.\u00a0Nas \u00faltimas 24 horas, foram registrados 1.437 \u00f3bitos e notificados 57.152 novos casos de covid-19.\u00a0<img decoding=\"async\" src=\"https:\/\/agenciabrasil.ebc.com.br\/ebc.png?id=1313081&amp;o=node\" \/><img decoding=\"async\" src=\"https:\/\/agenciabrasil.ebc.com.br\/ebc.gif?id=1313081&amp;o=node\" \/><\/p>\n<p>A taxa de letalidade (n\u00famero de mortes pelo total de casos) ficou em 3,4%,\u00a0mesmo percentual de dias anteriores.\u00a0A mortalidade (quantidade de \u00f3bitos por 100 mil habitantes) atingiu 46,3. A incid\u00eancia dos casos de covid-19 por 100 mil habitantes \u00e9 de 1.360,3.<\/p>\n<p>O Brasil mant\u00e9m-se em segundo lugar no ranking mundial em n\u00famero de casos e de \u00f3bitos\u00a0relacionados \u00e0 pandemia. A lideran\u00e7a \u00e9 dos Estados Unidos. De acordo com o mapa da universidade Johns Hopkins, o pa\u00eds possui 157.690 mortes e 4.811.128 casos acumulados. Na terceira coloca\u00e7\u00e3o, em n\u00famero de casos, segundo o ranking na institui\u00e7\u00e3o norte-americana, aparece a \u00cdndia, com 1,9 milh\u00e3o de infec\u00e7\u00f5es e 39.795 \u00f3bitos. J\u00e1 em n\u00famero de mortes, a terceira posi\u00e7\u00e3o \u00e9 do M\u00e9xico, que registra 48.869 falecimentos e 449 mil casos totais confirmados.<\/p>\n<p><strong>Covid-19 nos estados<\/strong><\/p>\n<p>Os estados com mais mortes registraras por covid-19 s\u00e3o: S\u00e3o Paulo (24.109), Rio\u00a0de Janeiro\u00a0(13.855), Cear\u00e1 (7.867), Pernambuco (6.758) e Par\u00e1 (5.818). As Unidades da Federa\u00e7\u00e3o com menos falecimentos pela pandemia s\u00e3o: Tocantins (415), Mato Grosso do Sul (442), Roraima (532), Acre (547) e Amap\u00e1 (588). Mato Grosso do Sul, que permaneceu ao longo da pandemia como o local menos letal, deixou o \u00faltimo lugar do ranking, ultrapassando Tocantins e o Acre.<\/p>\n<p>Em casos confirmados do novo coronav\u00edrus\u00a0S\u00e3o Paulo tamb\u00e9m lidera a lista com 585.265 notifica\u00e7\u00f5es,\u00a0seguido por Cear\u00e1 (181.443), Bahia (179.737), Rio\u00a0de Janeiro\u00a0(172.679) e Par\u00e1 (160.695). Os estados com menos pessoas infectadas at\u00e9 o momento s\u00e3o: Acre (21.033), Tocantins (28.312), Mato Grosso do Sul (28.315), Roraima (34.296) e Amap\u00e1 (37.318).<\/p>\n<p><strong>Fonte:\u00a0<\/strong>Ag\u00eancia Brasil<\/p>\n","protected":false},"excerpt":{"rendered":"<p>O balan\u00e7o di\u00e1rio do Minist\u00e9rio da Sa\u00fade &#8211; divulgado nesta quarta(5) &#8211; mostra que o Brasil tem\u00a02.859.073 casos acumulados de covid-19. Desse total, 70,7% se recuperaram da doen\u00e7a, ou seja, 2.020.637 pessoas;\u00a097.256 faleceram e\u00a0741.180 pacientes est\u00e3o em tratamento.\u00a0Nas \u00faltimas 24 horas, foram registrados 1.437 \u00f3bitos e notificados 57.152 novos casos de covid-19.\u00a0 A taxa de [&hellip;]<\/p>\n","protected":false},"author":96,"featured_media":159382,"comment_status":"closed","ping_status":"closed","sticky":false,"template":"","format":"standard","meta":{"footnotes":""},"categories":[302,436,440,439],"tags":[],"class_list":["post-166158","post","type-post","status-publish","format-standard","has-post-thumbnail","hentry","category-brasil-mundo","category-destaque-da-semana","category-destaques-do-dia","category-ultima-hora"],"_links":{"self":[{"href":"https:\/\/diarioregionaldigital.com.br\/index.php?rest_route=\/wp\/v2\/posts\/166158","targetHints":{"allow":["GET"]}}],"collection":[{"href":"https:\/\/diarioregionaldigital.com.br\/index.php?rest_route=\/wp\/v2\/posts"}],"about":[{"href":"https:\/\/diarioregionaldigital.com.br\/index.php?rest_route=\/wp\/v2\/types\/post"}],"author":[{"embeddable":true,"href":"https:\/\/diarioregionaldigital.com.br\/index.php?rest_route=\/wp\/v2\/users\/96"}],"replies":[{"embeddable":true,"href":"https:\/\/diarioregionaldigital.com.br\/index.php?rest_route=%2Fwp%2Fv2%2Fcomments&post=166158"}],"version-history":[{"count":0,"href":"https:\/\/diarioregionaldigital.com.br\/index.php?rest_route=\/wp\/v2\/posts\/166158\/revisions"}],"wp:featuredmedia":[{"embeddable":true,"href":"https:\/\/diarioregionaldigital.com.br\/index.php?rest_route=\/wp\/v2\/media\/159382"}],"wp:attachment":[{"href":"https:\/\/diarioregionaldigital.com.br\/index.php?rest_route=%2Fwp%2Fv2%2Fmedia&parent=166158"}],"wp:term":[{"taxonomy":"category","embeddable":true,"href":"https:\/\/diarioregionaldigital.com.br\/index.php?rest_route=%2Fwp%2Fv2%2Fcategories&post=166158"},{"taxonomy":"post_tag","embeddable":true,"href":"https:\/\/diarioregionaldigital.com.br\/index.php?rest_route=%2Fwp%2Fv2%2Ftags&post=166158"}],"curies":[{"name":"wp","href":"https:\/\/api.w.org\/{rel}","templated":true}]}}