{"id":166153,"date":"2020-08-05T18:29:19","date_gmt":"2020-08-05T21:29:19","guid":{"rendered":"https:\/\/diarioregionaldigital.com.br\/?p=166153"},"modified":"2020-08-05T18:29:19","modified_gmt":"2020-08-05T21:29:19","slug":"idoso-de-78-anos-e-mais-uma-vitima-de-coronavirus-em-juiz-de-fora","status":"publish","type":"post","link":"https:\/\/diarioregionaldigital.com.br\/?p=166153","title":{"rendered":"Idoso de 78 anos \u00e9 mais uma v\u00edtima de Coronav\u00edrus em Juiz de Fora"},"content":{"rendered":"<p><span style=\"font-weight: 400;\">O novo boletim epidemiol\u00f3gico divulgado nessa quarta-feira (5) pela Secretaria de Sa\u00fade (SS) da Prefeitura de Juiz de Fora (PJF), registrou mais uma morte decorrente do Coronav\u00edrus no Munic\u00edpio. A v\u00edtima \u00e9 um idoso de 78 anos. Ele tinha Hipertens\u00e3o Arterial Sist\u00eamica (HAS) e Doen\u00e7a Neurol\u00f3gica Cr\u00f4nica (DNC). Diante disso, Juiz de Fora contabiliza 120 mortes pela doen\u00e7a.<\/span><\/p>\n<p><span style=\"font-weight: 400;\">Segundo o levantamento, foram registrados mais 70 novos casos, totalizando 3.712 pessoas infectadas. Al\u00e9m disso, mais 102 novas suspeitas foram registrados, contabilizando 13.435.<\/span><\/p>\n<p><b>Leitos<\/b><\/p>\n<p><span style=\"font-weight: 400;\">Segundo informa\u00e7\u00f5es da PJF, os leitos de enfermaria est\u00e3o com 58,18% de ocupa\u00e7\u00e3o. J\u00e1 os os leitos de UTI e SUS, est\u00e3o com taxa de 69,18% e 70,49% respectivamente.<\/span><\/p>\n","protected":false},"excerpt":{"rendered":"<p>O novo boletim epidemiol\u00f3gico divulgado nessa quarta-feira (5) pela Secretaria de Sa\u00fade (SS) da Prefeitura de Juiz de Fora (PJF), registrou mais uma morte decorrente do Coronav\u00edrus no Munic\u00edpio. A v\u00edtima \u00e9 um idoso de 78 anos. Ele tinha Hipertens\u00e3o Arterial Sist\u00eamica (HAS) e Doen\u00e7a Neurol\u00f3gica Cr\u00f4nica (DNC). Diante disso, Juiz de Fora contabiliza 120 [&hellip;]<\/p>\n","protected":false},"author":96,"featured_media":157960,"comment_status":"closed","ping_status":"closed","sticky":false,"template":"","format":"standard","meta":{"footnotes":""},"categories":[253,436,440,439],"tags":[],"class_list":["post-166153","post","type-post","status-publish","format-standard","has-post-thumbnail","hentry","category-cidade","category-destaque-da-semana","category-destaques-do-dia","category-ultima-hora"],"_links":{"self":[{"href":"https:\/\/diarioregionaldigital.com.br\/index.php?rest_route=\/wp\/v2\/posts\/166153","targetHints":{"allow":["GET"]}}],"collection":[{"href":"https:\/\/diarioregionaldigital.com.br\/index.php?rest_route=\/wp\/v2\/posts"}],"about":[{"href":"https:\/\/diarioregionaldigital.com.br\/index.php?rest_route=\/wp\/v2\/types\/post"}],"author":[{"embeddable":true,"href":"https:\/\/diarioregionaldigital.com.br\/index.php?rest_route=\/wp\/v2\/users\/96"}],"replies":[{"embeddable":true,"href":"https:\/\/diarioregionaldigital.com.br\/index.php?rest_route=%2Fwp%2Fv2%2Fcomments&post=166153"}],"version-history":[{"count":0,"href":"https:\/\/diarioregionaldigital.com.br\/index.php?rest_route=\/wp\/v2\/posts\/166153\/revisions"}],"wp:featuredmedia":[{"embeddable":true,"href":"https:\/\/diarioregionaldigital.com.br\/index.php?rest_route=\/wp\/v2\/media\/157960"}],"wp:attachment":[{"href":"https:\/\/diarioregionaldigital.com.br\/index.php?rest_route=%2Fwp%2Fv2%2Fmedia&parent=166153"}],"wp:term":[{"taxonomy":"category","embeddable":true,"href":"https:\/\/diarioregionaldigital.com.br\/index.php?rest_route=%2Fwp%2Fv2%2Fcategories&post=166153"},{"taxonomy":"post_tag","embeddable":true,"href":"https:\/\/diarioregionaldigital.com.br\/index.php?rest_route=%2Fwp%2Fv2%2Ftags&post=166153"}],"curies":[{"name":"wp","href":"https:\/\/api.w.org\/{rel}","templated":true}]}}