{"id":166150,"date":"2020-08-05T17:51:05","date_gmt":"2020-08-05T20:51:05","guid":{"rendered":"https:\/\/diarioregionaldigital.com.br\/?p=166150"},"modified":"2020-08-05T17:51:05","modified_gmt":"2020-08-05T20:51:05","slug":"covid-19-guarda-municipal-contabiliza-cerca-de-cinco-mil-denuncias-referentes-ao-descumprimento-de-medidas-preventivas","status":"publish","type":"post","link":"https:\/\/diarioregionaldigital.com.br\/?p=166150","title":{"rendered":"Covid-19: Guarda Municipal contabiliza cerca de cinco mil den\u00fancias referentes ao descumprimento de medidas preventivas"},"content":{"rendered":"<p><span style=\"font-weight: 400;\">Dentro do per\u00edodo entre os meses de mar\u00e7o e agosto deste ano, a Guarda Municipal (GM), j\u00e1 recebeu um total de 4.966 den\u00fancias contra estabelecimentos de Juiz de Fora, que descumpriram as medidas preventivas ao Coronav\u00edrus.<\/span><\/p>\n<p><span style=\"font-weight: 400;\">Segundo informa\u00e7\u00f5es da GM, as liga\u00e7\u00f5es apresentaram escalada at\u00e9 junho, quando se deu o pico de reclama\u00e7\u00f5es, com 1.573 chamadas. Julho ficou com 1.443, seguido de maio, com 837; abril, 632; mar\u00e7o, 386; e os primeiros dias de agosto, 92.<\/span><\/p>\n<p><span style=\"font-weight: 400;\">Seguindo a publica\u00e7\u00e3o dos primeiros decretos municipais de enfrentamento ao Coronav\u00edrus, a GM disponibiliza sua central como canal de apoio para o recebimento de den\u00fancias, uma vez que o setor tem funcionamento de 24 horas. Ao receber tais liga\u00e7\u00f5es, o comboio composto secretarias de Seguran\u00e7a Urbana e Cidadania (Sesuc), de Meio Ambiente e Ordenamento Urbano (Semaur) e de Transporte e Tr\u00e2nsito (Settra), v\u00e3o at\u00e9 o local indicado para confirmar a referida den\u00fancia feita.<\/span><\/p>\n<p><span style=\"font-weight: 400;\">O cidad\u00e3o pode fazer contato com a fiscaliza\u00e7\u00e3o da Semaur, pelo 3690-7507, ou registrar sua queixa no canal da Ouvidoria do Munic\u00edpio, \u201cFala.BR\u201d, dispon\u00edvel no site da Prefeitura.<\/span><\/p>\n","protected":false},"excerpt":{"rendered":"<p>Dentro do per\u00edodo entre os meses de mar\u00e7o e agosto deste ano, a Guarda Municipal (GM), j\u00e1 recebeu um total de 4.966 den\u00fancias contra estabelecimentos de Juiz de Fora, que descumpriram as medidas preventivas ao Coronav\u00edrus. Segundo informa\u00e7\u00f5es da GM, as liga\u00e7\u00f5es apresentaram escalada at\u00e9 junho, quando se deu o pico de reclama\u00e7\u00f5es, com 1.573 [&hellip;]<\/p>\n","protected":false},"author":96,"featured_media":166151,"comment_status":"closed","ping_status":"closed","sticky":false,"template":"","format":"standard","meta":{"footnotes":""},"categories":[253,436,440,439],"tags":[],"class_list":["post-166150","post","type-post","status-publish","format-standard","has-post-thumbnail","hentry","category-cidade","category-destaque-da-semana","category-destaques-do-dia","category-ultima-hora"],"_links":{"self":[{"href":"https:\/\/diarioregionaldigital.com.br\/index.php?rest_route=\/wp\/v2\/posts\/166150","targetHints":{"allow":["GET"]}}],"collection":[{"href":"https:\/\/diarioregionaldigital.com.br\/index.php?rest_route=\/wp\/v2\/posts"}],"about":[{"href":"https:\/\/diarioregionaldigital.com.br\/index.php?rest_route=\/wp\/v2\/types\/post"}],"author":[{"embeddable":true,"href":"https:\/\/diarioregionaldigital.com.br\/index.php?rest_route=\/wp\/v2\/users\/96"}],"replies":[{"embeddable":true,"href":"https:\/\/diarioregionaldigital.com.br\/index.php?rest_route=%2Fwp%2Fv2%2Fcomments&post=166150"}],"version-history":[{"count":0,"href":"https:\/\/diarioregionaldigital.com.br\/index.php?rest_route=\/wp\/v2\/posts\/166150\/revisions"}],"wp:featuredmedia":[{"embeddable":true,"href":"https:\/\/diarioregionaldigital.com.br\/index.php?rest_route=\/wp\/v2\/media\/166151"}],"wp:attachment":[{"href":"https:\/\/diarioregionaldigital.com.br\/index.php?rest_route=%2Fwp%2Fv2%2Fmedia&parent=166150"}],"wp:term":[{"taxonomy":"category","embeddable":true,"href":"https:\/\/diarioregionaldigital.com.br\/index.php?rest_route=%2Fwp%2Fv2%2Fcategories&post=166150"},{"taxonomy":"post_tag","embeddable":true,"href":"https:\/\/diarioregionaldigital.com.br\/index.php?rest_route=%2Fwp%2Fv2%2Ftags&post=166150"}],"curies":[{"name":"wp","href":"https:\/\/api.w.org\/{rel}","templated":true}]}}