{"id":166148,"date":"2020-08-05T16:46:25","date_gmt":"2020-08-05T19:46:25","guid":{"rendered":"https:\/\/diarioregionaldigital.com.br\/?p=166148"},"modified":"2020-08-05T16:46:25","modified_gmt":"2020-08-05T19:46:25","slug":"operacao-impacto-da-pm-termina-com-1057-pessoas-abordadas","status":"publish","type":"post","link":"https:\/\/diarioregionaldigital.com.br\/?p=166148","title":{"rendered":"Opera\u00e7\u00e3o Impacto da PM termina com 1057 pessoas abordadas"},"content":{"rendered":"<p>A Pol\u00edcia Militar (PM), divulgou nesta quarta-feira (5), o resultado final de mais uma fase da Opera\u00e7\u00e3o Impacto, que teve in\u00edcio ontem (4) na Regi\u00e3o Norte de Juiz de Fora. Ao todo foram abordadas 1057 pessoas, sendo que 8 foram presas. Al\u00e9m disso, os policiais abordaram 493 ve\u00edculos, sendo que 10 foi removidos\/apreendidos, 55 motoristas foram autuados e dois n\u00e3o tinham documenta\u00e7\u00e3o. Al\u00e9m disso foi apreendido um p\u00e1ssaro de fauna silvestre, al\u00e9m de 98 pinos de coca\u00edna e 38 buchas de maconha.<\/p>\n<p>&nbsp;<\/p>\n","protected":false},"excerpt":{"rendered":"<p>A Pol\u00edcia Militar (PM), divulgou nesta quarta-feira (5), o resultado final de mais uma fase da Opera\u00e7\u00e3o Impacto, que teve in\u00edcio ontem (4) na Regi\u00e3o Norte de Juiz de Fora. Ao todo foram abordadas 1057 pessoas, sendo que 8 foram presas. Al\u00e9m disso, os policiais abordaram 493 ve\u00edculos, sendo que 10 foi removidos\/apreendidos, 55 motoristas [&hellip;]<\/p>\n","protected":false},"author":96,"featured_media":165308,"comment_status":"closed","ping_status":"closed","sticky":false,"template":"","format":"standard","meta":{"footnotes":""},"categories":[301,436,439],"tags":[],"class_list":["post-166148","post","type-post","status-publish","format-standard","has-post-thumbnail","hentry","category-artigos-policiais","category-destaque-da-semana","category-ultima-hora"],"_links":{"self":[{"href":"https:\/\/diarioregionaldigital.com.br\/index.php?rest_route=\/wp\/v2\/posts\/166148","targetHints":{"allow":["GET"]}}],"collection":[{"href":"https:\/\/diarioregionaldigital.com.br\/index.php?rest_route=\/wp\/v2\/posts"}],"about":[{"href":"https:\/\/diarioregionaldigital.com.br\/index.php?rest_route=\/wp\/v2\/types\/post"}],"author":[{"embeddable":true,"href":"https:\/\/diarioregionaldigital.com.br\/index.php?rest_route=\/wp\/v2\/users\/96"}],"replies":[{"embeddable":true,"href":"https:\/\/diarioregionaldigital.com.br\/index.php?rest_route=%2Fwp%2Fv2%2Fcomments&post=166148"}],"version-history":[{"count":0,"href":"https:\/\/diarioregionaldigital.com.br\/index.php?rest_route=\/wp\/v2\/posts\/166148\/revisions"}],"wp:featuredmedia":[{"embeddable":true,"href":"https:\/\/diarioregionaldigital.com.br\/index.php?rest_route=\/wp\/v2\/media\/165308"}],"wp:attachment":[{"href":"https:\/\/diarioregionaldigital.com.br\/index.php?rest_route=%2Fwp%2Fv2%2Fmedia&parent=166148"}],"wp:term":[{"taxonomy":"category","embeddable":true,"href":"https:\/\/diarioregionaldigital.com.br\/index.php?rest_route=%2Fwp%2Fv2%2Fcategories&post=166148"},{"taxonomy":"post_tag","embeddable":true,"href":"https:\/\/diarioregionaldigital.com.br\/index.php?rest_route=%2Fwp%2Fv2%2Ftags&post=166148"}],"curies":[{"name":"wp","href":"https:\/\/api.w.org\/{rel}","templated":true}]}}