{"id":166145,"date":"2020-08-05T16:41:47","date_gmt":"2020-08-05T19:41:47","guid":{"rendered":"https:\/\/diarioregionaldigital.com.br\/?p=166145"},"modified":"2020-08-05T16:41:47","modified_gmt":"2020-08-05T19:41:47","slug":"fiscais-da-prefeitura-fiscalizam-vistorias-em-filas-de-agencias-bancarias","status":"publish","type":"post","link":"https:\/\/diarioregionaldigital.com.br\/?p=166145","title":{"rendered":"Fiscais da Prefeitura fiscalizam vistorias em filas de ag\u00eancias banc\u00e1rias"},"content":{"rendered":"<p><span style=\"font-weight: 400;\">A equipe de fiscaliza\u00e7\u00e3o da Prefeitura de Juiz de Fora (PJF), formada pelas secretarias de Meio Ambiente e Ordenamento Urbano (Semaur) e de Transportes e Tr\u00e2nsito (Settra), Guarda Municipal (GM) e Ag\u00eancia de Prote\u00e7\u00e3o e Defesa do Consumidor (Procon\/JF), intensificam at\u00e9 esta sexta-feira (7), as fiscaliza\u00e7\u00f5es de filas formadas em institui\u00e7\u00f5es banc\u00e1rias em Juiz de Fora. A atua\u00e7\u00e3o desta equipe acontece de 8 \u00e0s 14 horas.<\/span><\/p>\n<p><span style=\"font-weight: 400;\">De acordo com a gerente do Departamento de Fiscaliza\u00e7\u00e3o Ambiental e Urbana da Semaur, Graciela Marques, os fiscais de posturas j\u00e1 estavam realizando a\u00e7\u00f5es pontuais nestas filas, e o objetivo agora \u00e9 intensificar o trabalho nos pr\u00f3ximos dias:\u00a0<\/span><\/p>\n<p><span style=\"font-weight: 400;\">\u201cA ideia \u00e9 o poder p\u00fablico se fazer presente, para que haja organiza\u00e7\u00e3o das filas, seja respeitado o distanciamento entre as pessoas e garantir a obrigatoriedade do uso de m\u00e1scaras por todos. Vamos fiscalizar tamb\u00e9m as ag\u00eancias banc\u00e1rias, verificando se as mesmas est\u00e3o cumprindo a legisla\u00e7\u00e3o municipal relativa \u00e0s medidas de preven\u00e7\u00e3o \u00e0 covid-19, como disponibiliza\u00e7\u00e3o de \u00e1lcool gel, distanciamento entre cliente s e funcion\u00e1rios e orienta\u00e7\u00e3o \u00e0 popula\u00e7\u00e3o\u201d.<\/span><\/p>\n<p><span style=\"font-weight: 400;\">Todo o trabalho feito pelo comboio da PJF, tem como objetivo de fiscalizar os estabelecimentos pelo munic\u00edpio e avaliar se os mesmos est\u00e3o seguindo as medidas de preven\u00e7\u00e3o ao Coronav\u00edrus.<\/span><\/p>\n","protected":false},"excerpt":{"rendered":"<p>A equipe de fiscaliza\u00e7\u00e3o da Prefeitura de Juiz de Fora (PJF), formada pelas secretarias de Meio Ambiente e Ordenamento Urbano (Semaur) e de Transportes e Tr\u00e2nsito (Settra), Guarda Municipal (GM) e Ag\u00eancia de Prote\u00e7\u00e3o e Defesa do Consumidor (Procon\/JF), intensificam at\u00e9 esta sexta-feira (7), as fiscaliza\u00e7\u00f5es de filas formadas em institui\u00e7\u00f5es banc\u00e1rias em Juiz de [&hellip;]<\/p>\n","protected":false},"author":96,"featured_media":166146,"comment_status":"closed","ping_status":"closed","sticky":false,"template":"","format":"standard","meta":{"footnotes":""},"categories":[253,436,439],"tags":[],"class_list":["post-166145","post","type-post","status-publish","format-standard","has-post-thumbnail","hentry","category-cidade","category-destaque-da-semana","category-ultima-hora"],"_links":{"self":[{"href":"https:\/\/diarioregionaldigital.com.br\/index.php?rest_route=\/wp\/v2\/posts\/166145","targetHints":{"allow":["GET"]}}],"collection":[{"href":"https:\/\/diarioregionaldigital.com.br\/index.php?rest_route=\/wp\/v2\/posts"}],"about":[{"href":"https:\/\/diarioregionaldigital.com.br\/index.php?rest_route=\/wp\/v2\/types\/post"}],"author":[{"embeddable":true,"href":"https:\/\/diarioregionaldigital.com.br\/index.php?rest_route=\/wp\/v2\/users\/96"}],"replies":[{"embeddable":true,"href":"https:\/\/diarioregionaldigital.com.br\/index.php?rest_route=%2Fwp%2Fv2%2Fcomments&post=166145"}],"version-history":[{"count":0,"href":"https:\/\/diarioregionaldigital.com.br\/index.php?rest_route=\/wp\/v2\/posts\/166145\/revisions"}],"wp:featuredmedia":[{"embeddable":true,"href":"https:\/\/diarioregionaldigital.com.br\/index.php?rest_route=\/wp\/v2\/media\/166146"}],"wp:attachment":[{"href":"https:\/\/diarioregionaldigital.com.br\/index.php?rest_route=%2Fwp%2Fv2%2Fmedia&parent=166145"}],"wp:term":[{"taxonomy":"category","embeddable":true,"href":"https:\/\/diarioregionaldigital.com.br\/index.php?rest_route=%2Fwp%2Fv2%2Fcategories&post=166145"},{"taxonomy":"post_tag","embeddable":true,"href":"https:\/\/diarioregionaldigital.com.br\/index.php?rest_route=%2Fwp%2Fv2%2Ftags&post=166145"}],"curies":[{"name":"wp","href":"https:\/\/api.w.org\/{rel}","templated":true}]}}