{"id":166142,"date":"2020-08-05T16:27:45","date_gmt":"2020-08-05T19:27:45","guid":{"rendered":"https:\/\/diarioregionaldigital.com.br\/?p=166142"},"modified":"2020-08-05T16:27:45","modified_gmt":"2020-08-05T19:27:45","slug":"prefeito-visita-obras-do-novo-reservatorio-de-agua-da-cesama-em-santa-terezinha","status":"publish","type":"post","link":"https:\/\/diarioregionaldigital.com.br\/?p=166142","title":{"rendered":"Prefeito visita obras do novo reservat\u00f3rio de \u00e1gua da Cesama em Santa Terezinha"},"content":{"rendered":"<p><span style=\"font-weight: 400;\">Nesta quarta-feira (5), o prefeito Ant\u00f4nio Almas visitou as obras do novo reservat\u00f3rio de \u00e1gua que a Companhia de Saneamento Municipal (Cesama) finaliza no Bairro Santa Terezinha. Localizada na Rua Tupi, a unidade tem capacidade de quatro milh\u00f5es de litros. O prefeito conheceu, tamb\u00e9m, as instala\u00e7\u00f5es do laborat\u00f3rio da companhia, onde \u00e9 realizado o controle de qualidade da \u00e1gua do Munic\u00edpio.<\/span><\/p>\n<p><span style=\"font-weight: 400;\">Durante a visita, Almas destacou a tecnologia inovadora do reservat\u00f3rio, que possui estrutura de a\u00e7o vitrificado, material de maior vida \u00fatil e f\u00e1cil manuten\u00e7\u00e3o: \u201c\u00c9 motivo de orgulho saber que a cidade conta com uma empresa como a Cesama, que fornece servi\u00e7o de qualidade e incorpora as inova\u00e7\u00f5es do mercado. Investir em saneamento b\u00e1sico \u00e9 trabalho cont\u00ednuo e de longo prazo, que n\u00e3o se faz da noite para o dia. Trata-se de uma quest\u00e3o de sa\u00fade p\u00fablica, fundamental para a qualidade de vida do cidad\u00e3o, sobretudo no momento em que vivemos hoje\u201d.<\/span><\/p>\n<p><span style=\"font-weight: 400;\">O diretor-presidente da Cesama, Andr\u00e9 Borges de Souza, explicou que a unidade tem como objetivo ampliar o sistema de reserva de \u00e1gua em Juiz de Fora: \u201cO reservat\u00f3rio representa investimento de cerca de R$ 5,2 milh\u00f5es. Os trabalhos tiveram in\u00edcio em novembro do ano passado, e esperamos finaliz\u00e1-los este m\u00eas. Assim, j\u00e1 contaremos com abastecimento refor\u00e7ado para o final do ano, quando o consumo \u00e9 maior, em virtude da chegada do ver\u00e3o\u201d.<\/span><\/p>\n<p><span style=\"font-weight: 400;\">Para o presidente da Associa\u00e7\u00e3o de Moradores do Bairro Santa Terezinha, Jos\u00e9 Carlos Marangon, a obra veio em momento importante, devido ao crescimento da comunidade: \u201cAt\u00e9 o final de ano, o bairro ter\u00e1 cerca de quatro mil novos moradores, em fun\u00e7\u00e3o de novos empreendimentos imobili\u00e1rios. Com isso, teremos aproximadamente 15 mil habitantes. Para atender essa popula\u00e7\u00e3o, \u00e9 preciso abastecimento robusto. Tenho acompanhado os trabalhos da Cesama desde o in\u00edcio, e acredito que a obra foi grande conquista para n\u00f3s\u201d.<\/span><\/p>\n<p><strong>Fonte:<\/strong> Assessoria<\/p>\n","protected":false},"excerpt":{"rendered":"<p>Nesta quarta-feira (5), o prefeito Ant\u00f4nio Almas visitou as obras do novo reservat\u00f3rio de \u00e1gua que a Companhia de Saneamento Municipal (Cesama) finaliza no Bairro Santa Terezinha. Localizada na Rua Tupi, a unidade tem capacidade de quatro milh\u00f5es de litros. O prefeito conheceu, tamb\u00e9m, as instala\u00e7\u00f5es do laborat\u00f3rio da companhia, onde \u00e9 realizado o controle [&hellip;]<\/p>\n","protected":false},"author":96,"featured_media":166143,"comment_status":"closed","ping_status":"closed","sticky":false,"template":"","format":"standard","meta":{"footnotes":""},"categories":[253,436,439],"tags":[],"class_list":["post-166142","post","type-post","status-publish","format-standard","has-post-thumbnail","hentry","category-cidade","category-destaque-da-semana","category-ultima-hora"],"_links":{"self":[{"href":"https:\/\/diarioregionaldigital.com.br\/index.php?rest_route=\/wp\/v2\/posts\/166142","targetHints":{"allow":["GET"]}}],"collection":[{"href":"https:\/\/diarioregionaldigital.com.br\/index.php?rest_route=\/wp\/v2\/posts"}],"about":[{"href":"https:\/\/diarioregionaldigital.com.br\/index.php?rest_route=\/wp\/v2\/types\/post"}],"author":[{"embeddable":true,"href":"https:\/\/diarioregionaldigital.com.br\/index.php?rest_route=\/wp\/v2\/users\/96"}],"replies":[{"embeddable":true,"href":"https:\/\/diarioregionaldigital.com.br\/index.php?rest_route=%2Fwp%2Fv2%2Fcomments&post=166142"}],"version-history":[{"count":0,"href":"https:\/\/diarioregionaldigital.com.br\/index.php?rest_route=\/wp\/v2\/posts\/166142\/revisions"}],"wp:featuredmedia":[{"embeddable":true,"href":"https:\/\/diarioregionaldigital.com.br\/index.php?rest_route=\/wp\/v2\/media\/166143"}],"wp:attachment":[{"href":"https:\/\/diarioregionaldigital.com.br\/index.php?rest_route=%2Fwp%2Fv2%2Fmedia&parent=166142"}],"wp:term":[{"taxonomy":"category","embeddable":true,"href":"https:\/\/diarioregionaldigital.com.br\/index.php?rest_route=%2Fwp%2Fv2%2Fcategories&post=166142"},{"taxonomy":"post_tag","embeddable":true,"href":"https:\/\/diarioregionaldigital.com.br\/index.php?rest_route=%2Fwp%2Fv2%2Ftags&post=166142"}],"curies":[{"name":"wp","href":"https:\/\/api.w.org\/{rel}","templated":true}]}}