{"id":166139,"date":"2020-08-05T15:32:07","date_gmt":"2020-08-05T18:32:07","guid":{"rendered":"https:\/\/diarioregionaldigital.com.br\/?p=166139"},"modified":"2020-08-05T15:32:07","modified_gmt":"2020-08-05T18:32:07","slug":"fmf-cancela-trofeu-inconfidencia-e-uberlandia-fica-com-o-titulo","status":"publish","type":"post","link":"https:\/\/diarioregionaldigital.com.br\/?p=166139","title":{"rendered":"FMF cancela Trof\u00e9u Inconfid\u00eancia e Uberl\u00e2ndia fica com o t\u00edtulo"},"content":{"rendered":"<p>A Federa\u00e7\u00e3o Mineira de Futebol (FMF), anunciou nesta tarde de quarta-feira (5) o cancelamento da final do Trof\u00e9u Inconfid\u00eancia, ap\u00f3s 13 membros do Uberl\u00e2ndia testarem positivo para o Coronav\u00edrus. A final seria disputada na noite de hoje no Est\u00e1dio do Mineir\u00e3o em Belo Horizonte. Durante uma reuni\u00e3o junto ao time do tri\u00e2ngulo mineiro e o Cruzeiro, o qual optou por abrir m\u00e3o do trof\u00e9u, foi definido que a final seria cancelada. Diante disso, o Uberl\u00e2ndia foi declarado campe\u00e3o do torneio.<\/p>\n","protected":false},"excerpt":{"rendered":"<p>A Federa\u00e7\u00e3o Mineira de Futebol (FMF), anunciou nesta tarde de quarta-feira (5) o cancelamento da final do Trof\u00e9u Inconfid\u00eancia, ap\u00f3s 13 membros do Uberl\u00e2ndia testarem positivo para o Coronav\u00edrus. A final seria disputada na noite de hoje no Est\u00e1dio do Mineir\u00e3o em Belo Horizonte. Durante uma reuni\u00e3o junto ao time do tri\u00e2ngulo mineiro e o [&hellip;]<\/p>\n","protected":false},"author":96,"featured_media":166140,"comment_status":"closed","ping_status":"closed","sticky":false,"template":"","format":"standard","meta":{"footnotes":""},"categories":[436,257,439],"tags":[],"class_list":["post-166139","post","type-post","status-publish","format-standard","has-post-thumbnail","hentry","category-destaque-da-semana","category-esporte","category-ultima-hora"],"_links":{"self":[{"href":"https:\/\/diarioregionaldigital.com.br\/index.php?rest_route=\/wp\/v2\/posts\/166139","targetHints":{"allow":["GET"]}}],"collection":[{"href":"https:\/\/diarioregionaldigital.com.br\/index.php?rest_route=\/wp\/v2\/posts"}],"about":[{"href":"https:\/\/diarioregionaldigital.com.br\/index.php?rest_route=\/wp\/v2\/types\/post"}],"author":[{"embeddable":true,"href":"https:\/\/diarioregionaldigital.com.br\/index.php?rest_route=\/wp\/v2\/users\/96"}],"replies":[{"embeddable":true,"href":"https:\/\/diarioregionaldigital.com.br\/index.php?rest_route=%2Fwp%2Fv2%2Fcomments&post=166139"}],"version-history":[{"count":0,"href":"https:\/\/diarioregionaldigital.com.br\/index.php?rest_route=\/wp\/v2\/posts\/166139\/revisions"}],"wp:featuredmedia":[{"embeddable":true,"href":"https:\/\/diarioregionaldigital.com.br\/index.php?rest_route=\/wp\/v2\/media\/166140"}],"wp:attachment":[{"href":"https:\/\/diarioregionaldigital.com.br\/index.php?rest_route=%2Fwp%2Fv2%2Fmedia&parent=166139"}],"wp:term":[{"taxonomy":"category","embeddable":true,"href":"https:\/\/diarioregionaldigital.com.br\/index.php?rest_route=%2Fwp%2Fv2%2Fcategories&post=166139"},{"taxonomy":"post_tag","embeddable":true,"href":"https:\/\/diarioregionaldigital.com.br\/index.php?rest_route=%2Fwp%2Fv2%2Ftags&post=166139"}],"curies":[{"name":"wp","href":"https:\/\/api.w.org\/{rel}","templated":true}]}}