{"id":166136,"date":"2020-08-05T15:09:28","date_gmt":"2020-08-05T18:09:28","guid":{"rendered":"https:\/\/diarioregionaldigital.com.br\/?p=166136"},"modified":"2020-08-05T15:09:28","modified_gmt":"2020-08-05T18:09:28","slug":"secretario-adianta-pontos-da-estrategia-de-vacinacao-para-covid-19","status":"publish","type":"post","link":"https:\/\/diarioregionaldigital.com.br\/?p=166136","title":{"rendered":"Secret\u00e1rio adianta pontos da estrat\u00e9gia de vacina\u00e7\u00e3o para covid-19"},"content":{"rendered":"<p>O secret\u00e1rio de Vigil\u00e2ncia em Sa\u00fade do Minist\u00e9rio da Sa\u00fade, Arnaldo Correia, adiantou nesta quarta-feira (5) a prepara\u00e7\u00e3o est\u00e1 sendo feita para a estrat\u00e9gia nacional de imuniza\u00e7\u00e3o de brasileiros quando a vacina contra a covid-19 estiver dispon\u00edvel no pa\u00eds. O assunto foi discutido na Comiss\u00e3o Externa da C\u00e2mara dos Deputados destinada a acompanhar o enfrentamento \u00e0 pandemia.<img decoding=\"async\" src=\"https:\/\/agenciabrasil.ebc.com.br\/ebc.png?id=1313015&amp;o=node\" \/><img decoding=\"async\" src=\"https:\/\/agenciabrasil.ebc.com.br\/ebc.gif?id=1313015&amp;o=node\" \/><\/p>\n<p>Segundo Correia, est\u00e1 sendo feito o mesmo c\u00e1lculo usado para a vacina contra influenza, cerca de 100 milh\u00f5es de doses no pa\u00eds. O secret\u00e1rio disse que, tendo em vista as taxas de letalidade desse grupo, idosos e pessoas com comorbidades, como cardiopatia e obesidade, estar\u00e3o entre os primeiros a receber a vacina. Tamb\u00e9m estar\u00e3o no grupo priorit\u00e1rio os profissionais de sa\u00fade.<\/p>\n<p>As primeiras 30,4 milh\u00f5es de doses v\u00e3o chegar em dois lotes: metade, 15,2 milh\u00f5es, em dezembro e a mesma quantidade em janeiro. \u201cCom o avan\u00e7o da ci\u00eancia, acreditamos que, em dezembro, talvez, j\u00e1 passemos o ano novo de 2021 com pelo menos 15,2 milh\u00f5es brasileiros vacinados para covid-19 e possamos juntos construir essa nova hist\u00f3ria da sa\u00fade p\u00fablica do nosso pa\u00eds\u201d, disse Arnaldo Correia.<\/p>\n<p>Al\u00e9m desses dois lotes, mais 70 milh\u00f5es de unidades da vacina ser\u00e3o disponibilizadas gradativamente, a partir de mar\u00e7o de 2021. O medicamento est\u00e1 sendo desenvolvido pela farmac\u00eautica brit\u00e2nica AstraZeneca, em conjunto com a Universidade de Oxford, e j\u00e1 se encontra em fase de testes cl\u00ednicos em v\u00e1rios pa\u00edses, incluindo o Brasil.<\/p>\n<p>Um acordo entre a Funda\u00e7\u00e3o Oswaldo Cruz (Fiocruz) e a biofarmac\u00eautica prev\u00ea que, antes do t\u00e9rmino dos ensaios cl\u00ednicos, o que representaria 15% do quantitativo necess\u00e1rio para a popula\u00e7\u00e3o brasileira, ao custo de US$ 127 milh\u00f5es. A negocia\u00e7\u00e3o garante total dom\u00ednio tecnol\u00f3gico para que Bio-Manguinhos,\u00a0unidade da Fiocruz produtora de imunobiol\u00f3gicos, tenha condi\u00e7\u00f5es de produzir a vacina de forma independente.<\/p>\n<p><strong>Estrutura<\/strong><\/p>\n<p>Para acelerar a produ\u00e7\u00e3o, ser\u00e1 utilizada a estrutura de envasamento e rotulagem j\u00e1 dispon\u00edvel na produ\u00e7\u00e3o da vacina contra a febre amarela no pa\u00eds. Cada frasco ter\u00e1 cinco doses, segundo representes da Fiocruz.<\/p>\n<p>Pelo acordo, a vacina de Oxford produzida no Brasil ser\u00e1 distribu\u00edda apenas ao Sistema \u00danico de Sa\u00fade (SUS) e para ag\u00eancias das Na\u00e7\u00f5es Unidas. Est\u00e1 em discuss\u00e3o a possibilidade de distribui\u00e7\u00e3o para outros pa\u00edses da Am\u00e9rica Latina.<\/p>\n<p><strong>Compras<\/strong><\/p>\n<p>Ainda segundo o secret\u00e1rio de Vigil\u00e2ncia em Sa\u00fade, neste momento, priorizando fornecedores nacionais, o Minist\u00e9rio da Sa\u00fade j\u00e1 est\u00e1 preparando a aquisi\u00e7\u00e3o de seringas, agulhas e o planejamento para a distribui\u00e7\u00e3o da vacina no pa\u00eds. Tamb\u00e9m est\u00e1 em levantamento do pessoal dispon\u00edvel para aplicar a vacina e a capacidade da chamada \u201crede de frios\u201d, que s\u00e3o os equipamentos de estados e munic\u00edpios em condi\u00e7\u00f5es de estocar as doses nos 37 mil postos de vacina\u00e7\u00e3o do pa\u00eds.<\/p>\n<p>Questionado sobre a log\u00edstica de distribui\u00e7\u00e3o de doses, Arnaldo Correia disse que, depois da libera\u00e7\u00e3o, leva entre 15 e 20 dias. Ele lembrou que cabe ao Minist\u00e9rio da Sa\u00fade distribuir para os estados e a estes aos munic\u00edpios.<\/p>\n<p>Sobre um cronograma de libera\u00e7\u00e3o da vacina, o diretor do Instituto Bio-Manguinhos da Fiocruz, Maur\u00edcio Zuma, preferiu a cautela. \u201cTem um grau de incerteza em rela\u00e7\u00e3o a isso, por isso, a gente est\u00e1 sendo bastante cauteloso. Nosso compromisso \u00e9 buscar a confirma\u00e7\u00e3o desses cronogramas para poder passar para o Minist\u00e9rio da Sa\u00fade a para Comiss\u00e3o [externa da C\u00e2mara que acompanha a\u00e7\u00f5es contra a pandemia do novo coronav\u00edrus] qual \u00e9 nossa expectativa concreta de produzir e liberar as doses da vacina\u201d, ponderou.<\/p>\n<p><strong>Fonte:\u00a0<\/strong>Ag\u00eancia Brasil<\/p>\n","protected":false},"excerpt":{"rendered":"<p>O secret\u00e1rio de Vigil\u00e2ncia em Sa\u00fade do Minist\u00e9rio da Sa\u00fade, Arnaldo Correia, adiantou nesta quarta-feira (5) a prepara\u00e7\u00e3o est\u00e1 sendo feita para a estrat\u00e9gia nacional de imuniza\u00e7\u00e3o de brasileiros quando a vacina contra a covid-19 estiver dispon\u00edvel no pa\u00eds. O assunto foi discutido na Comiss\u00e3o Externa da C\u00e2mara dos Deputados destinada a acompanhar o enfrentamento [&hellip;]<\/p>\n","protected":false},"author":96,"featured_media":166137,"comment_status":"closed","ping_status":"closed","sticky":false,"template":"","format":"standard","meta":{"footnotes":""},"categories":[302,436,439],"tags":[],"class_list":["post-166136","post","type-post","status-publish","format-standard","has-post-thumbnail","hentry","category-brasil-mundo","category-destaque-da-semana","category-ultima-hora"],"_links":{"self":[{"href":"https:\/\/diarioregionaldigital.com.br\/index.php?rest_route=\/wp\/v2\/posts\/166136","targetHints":{"allow":["GET"]}}],"collection":[{"href":"https:\/\/diarioregionaldigital.com.br\/index.php?rest_route=\/wp\/v2\/posts"}],"about":[{"href":"https:\/\/diarioregionaldigital.com.br\/index.php?rest_route=\/wp\/v2\/types\/post"}],"author":[{"embeddable":true,"href":"https:\/\/diarioregionaldigital.com.br\/index.php?rest_route=\/wp\/v2\/users\/96"}],"replies":[{"embeddable":true,"href":"https:\/\/diarioregionaldigital.com.br\/index.php?rest_route=%2Fwp%2Fv2%2Fcomments&post=166136"}],"version-history":[{"count":0,"href":"https:\/\/diarioregionaldigital.com.br\/index.php?rest_route=\/wp\/v2\/posts\/166136\/revisions"}],"wp:featuredmedia":[{"embeddable":true,"href":"https:\/\/diarioregionaldigital.com.br\/index.php?rest_route=\/wp\/v2\/media\/166137"}],"wp:attachment":[{"href":"https:\/\/diarioregionaldigital.com.br\/index.php?rest_route=%2Fwp%2Fv2%2Fmedia&parent=166136"}],"wp:term":[{"taxonomy":"category","embeddable":true,"href":"https:\/\/diarioregionaldigital.com.br\/index.php?rest_route=%2Fwp%2Fv2%2Fcategories&post=166136"},{"taxonomy":"post_tag","embeddable":true,"href":"https:\/\/diarioregionaldigital.com.br\/index.php?rest_route=%2Fwp%2Fv2%2Ftags&post=166136"}],"curies":[{"name":"wp","href":"https:\/\/api.w.org\/{rel}","templated":true}]}}