{"id":166129,"date":"2020-08-05T15:01:31","date_gmt":"2020-08-05T18:01:31","guid":{"rendered":"https:\/\/diarioregionaldigital.com.br\/?p=166129"},"modified":"2020-08-05T15:01:43","modified_gmt":"2020-08-05T18:01:43","slug":"governo-de-minas-antecipa-pagamento-do-salario-dos-servidores-para-o-5o-dia-util-deste-mes","status":"publish","type":"post","link":"https:\/\/diarioregionaldigital.com.br\/?p=166129","title":{"rendered":"Governo de Minas antecipa pagamento do sal\u00e1rio dos servidores para o 5\u00ba dia \u00fatil deste m\u00eas"},"content":{"rendered":"<p>O\u00a0Governo de Minas antecipou o pagamento do sal\u00e1rio dos servidores estaduais referente a julho para o quinto dia \u00fatil deste m\u00eas, 7 de agosto. A medida, que reflete o esfor\u00e7o Estado em regularizar as datas de pagamento do funcionalismo, foi anunciada pelo governador Romeu Zema nesta quarta-feira (5).<\/p>\n<p>Na sexta-feira (7), ser\u00e1 depositado o sal\u00e1rio integral dos servidores das \u00e1reas de Sa\u00fade e Seguran\u00e7a, que atuam na linha de frente do combate \u00e0 covid-19, e tamb\u00e9m a primeira parcela, no valor de R$ 2 mil, dos servidores das demais categorias. A previs\u00e3o inicial era de que os valores fossem pagos no s\u00e1bado (8), conforme anunciado na \u00faltima semana.<\/p>\n<p>Al\u00e9m disso, o governador tamb\u00e9m anunciou a data da segunda parcela dos sal\u00e1rios: o pagamento ser\u00e1 no dia 21\/8.<\/p>\n<p><strong>Fonte:\u00a0<\/strong>Ag\u00eancia Minas<\/p>\n","protected":false},"excerpt":{"rendered":"<p>O\u00a0Governo de Minas antecipou o pagamento do sal\u00e1rio dos servidores estaduais referente a julho para o quinto dia \u00fatil deste m\u00eas, 7 de agosto. A medida, que reflete o esfor\u00e7o Estado em regularizar as datas de pagamento do funcionalismo, foi anunciada pelo governador Romeu Zema nesta quarta-feira (5). Na sexta-feira (7), ser\u00e1 depositado o sal\u00e1rio [&hellip;]<\/p>\n","protected":false},"author":96,"featured_media":166130,"comment_status":"closed","ping_status":"closed","sticky":false,"template":"","format":"standard","meta":{"footnotes":""},"categories":[436,261,439],"tags":[],"class_list":["post-166129","post","type-post","status-publish","format-standard","has-post-thumbnail","hentry","category-destaque-da-semana","category-economia","category-ultima-hora"],"_links":{"self":[{"href":"https:\/\/diarioregionaldigital.com.br\/index.php?rest_route=\/wp\/v2\/posts\/166129","targetHints":{"allow":["GET"]}}],"collection":[{"href":"https:\/\/diarioregionaldigital.com.br\/index.php?rest_route=\/wp\/v2\/posts"}],"about":[{"href":"https:\/\/diarioregionaldigital.com.br\/index.php?rest_route=\/wp\/v2\/types\/post"}],"author":[{"embeddable":true,"href":"https:\/\/diarioregionaldigital.com.br\/index.php?rest_route=\/wp\/v2\/users\/96"}],"replies":[{"embeddable":true,"href":"https:\/\/diarioregionaldigital.com.br\/index.php?rest_route=%2Fwp%2Fv2%2Fcomments&post=166129"}],"version-history":[{"count":0,"href":"https:\/\/diarioregionaldigital.com.br\/index.php?rest_route=\/wp\/v2\/posts\/166129\/revisions"}],"wp:featuredmedia":[{"embeddable":true,"href":"https:\/\/diarioregionaldigital.com.br\/index.php?rest_route=\/wp\/v2\/media\/166130"}],"wp:attachment":[{"href":"https:\/\/diarioregionaldigital.com.br\/index.php?rest_route=%2Fwp%2Fv2%2Fmedia&parent=166129"}],"wp:term":[{"taxonomy":"category","embeddable":true,"href":"https:\/\/diarioregionaldigital.com.br\/index.php?rest_route=%2Fwp%2Fv2%2Fcategories&post=166129"},{"taxonomy":"post_tag","embeddable":true,"href":"https:\/\/diarioregionaldigital.com.br\/index.php?rest_route=%2Fwp%2Fv2%2Ftags&post=166129"}],"curies":[{"name":"wp","href":"https:\/\/api.w.org\/{rel}","templated":true}]}}