{"id":166124,"date":"2020-08-05T14:58:16","date_gmt":"2020-08-05T17:58:16","guid":{"rendered":"https:\/\/diarioregionaldigital.com.br\/?p=166124"},"modified":"2020-08-05T14:59:15","modified_gmt":"2020-08-05T17:59:15","slug":"jovem-de-27-anos-e-preso-por-trafico-de-drogas-em-vicosa","status":"publish","type":"post","link":"https:\/\/diarioregionaldigital.com.br\/?p=166124","title":{"rendered":"Jovem de 27 anos \u00e9 preso por tr\u00e1fico de drogas em Vi\u00e7osa"},"content":{"rendered":"<p>A Pol\u00edcia Civil de Minas Gerais (PCMG), prendeu na ter\u00e7a-feira (4), um jovem de 27 anos, suspeito por envolvimento em tr\u00e1fico de drogas no munic\u00edpio de Vi\u00e7osa. <span style=\"font-weight: 400;\">Na ocasi\u00e3o, tamb\u00e9m foram apreendidos uma barra de maconha, um ve\u00edculo e dois celulares. Outras duas pessoas tamb\u00e9m foram encaminhadas \u00e0 unidade policial. Durante dilig\u00eancias, policiais civis da 5\u00aa Delegacia Regional de Vi\u00e7osa abordaram tr\u00eas indiv\u00edduos, conhecidos no meio policial, que estavam em um autom\u00f3vel.<\/span><\/p>\n<p>Durante buscas pelo ve\u00edculo, os policiais encontraram a referida droga e os dois telefones celulares. <span style=\"font-weight: 400;\">Apura\u00e7\u00f5es indicaram que o suspeito seria o dono da droga e propriet\u00e1rio do autom\u00f3vel, carro que, posteriormente, foi retirado pelo guincho, pois o condutor n\u00e3o apresentou a documenta\u00e7\u00e3o necess\u00e1ria. Diante dos fatos, o autor foi preso em flagrante e se encontra \u00e0 disposi\u00e7\u00e3o da Justi\u00e7a.<\/span><\/p>\n","protected":false},"excerpt":{"rendered":"<p>A Pol\u00edcia Civil de Minas Gerais (PCMG), prendeu na ter\u00e7a-feira (4), um jovem de 27 anos, suspeito por envolvimento em tr\u00e1fico de drogas no munic\u00edpio de Vi\u00e7osa. Na ocasi\u00e3o, tamb\u00e9m foram apreendidos uma barra de maconha, um ve\u00edculo e dois celulares. Outras duas pessoas tamb\u00e9m foram encaminhadas \u00e0 unidade policial. Durante dilig\u00eancias, policiais civis da [&hellip;]<\/p>\n","protected":false},"author":96,"featured_media":166126,"comment_status":"closed","ping_status":"closed","sticky":false,"template":"","format":"standard","meta":{"footnotes":""},"categories":[301,436,439],"tags":[],"class_list":["post-166124","post","type-post","status-publish","format-standard","has-post-thumbnail","hentry","category-artigos-policiais","category-destaque-da-semana","category-ultima-hora"],"_links":{"self":[{"href":"https:\/\/diarioregionaldigital.com.br\/index.php?rest_route=\/wp\/v2\/posts\/166124","targetHints":{"allow":["GET"]}}],"collection":[{"href":"https:\/\/diarioregionaldigital.com.br\/index.php?rest_route=\/wp\/v2\/posts"}],"about":[{"href":"https:\/\/diarioregionaldigital.com.br\/index.php?rest_route=\/wp\/v2\/types\/post"}],"author":[{"embeddable":true,"href":"https:\/\/diarioregionaldigital.com.br\/index.php?rest_route=\/wp\/v2\/users\/96"}],"replies":[{"embeddable":true,"href":"https:\/\/diarioregionaldigital.com.br\/index.php?rest_route=%2Fwp%2Fv2%2Fcomments&post=166124"}],"version-history":[{"count":0,"href":"https:\/\/diarioregionaldigital.com.br\/index.php?rest_route=\/wp\/v2\/posts\/166124\/revisions"}],"wp:featuredmedia":[{"embeddable":true,"href":"https:\/\/diarioregionaldigital.com.br\/index.php?rest_route=\/wp\/v2\/media\/166126"}],"wp:attachment":[{"href":"https:\/\/diarioregionaldigital.com.br\/index.php?rest_route=%2Fwp%2Fv2%2Fmedia&parent=166124"}],"wp:term":[{"taxonomy":"category","embeddable":true,"href":"https:\/\/diarioregionaldigital.com.br\/index.php?rest_route=%2Fwp%2Fv2%2Fcategories&post=166124"},{"taxonomy":"post_tag","embeddable":true,"href":"https:\/\/diarioregionaldigital.com.br\/index.php?rest_route=%2Fwp%2Fv2%2Ftags&post=166124"}],"curies":[{"name":"wp","href":"https:\/\/api.w.org\/{rel}","templated":true}]}}