{"id":166057,"date":"2020-08-05T06:00:38","date_gmt":"2020-08-05T09:00:38","guid":{"rendered":"https:\/\/diarioregionaldigital.com.br\/?p=166057"},"modified":"2020-08-10T17:44:27","modified_gmt":"2020-08-10T20:44:27","slug":"competencia-3","status":"publish","type":"post","link":"https:\/\/diarioregionaldigital.com.br\/?p=166057","title":{"rendered":"Compet\u00eancia"},"content":{"rendered":"<p style=\"text-align: center;\"><strong>Voc\u00ea Sabia?<\/strong><\/p>\n<p style=\"text-align: center;\">Em momento dif\u00edcil, a Assembleia atendeu proposta do governo Romeu Zema e em sess\u00e3o extraordin\u00e1ria aprovou em turno \u00fanico projeto de resolu\u00e7\u00e3o que mant\u00e9m o estado de calamidade p\u00fablica em Minas Gerais at\u00e9 o dia 31 de dezembro.<\/p>\n<p style=\"text-align: center;\"><strong>Ziriguidum<\/strong><\/p>\n<p style=\"text-align: center;\">O carism\u00e1tico cantor e compositor juiz-forano Carlos Fernando Cunha, dirige o filme \u201cVai manter a tradi\u00e7\u00e3o: o samba em Juiz de Fora\u201d. A estreia teve boa visualiza\u00e7\u00e3o no site Polo Audiovisual da Zona da Mata. O document\u00e1rio com produ\u00e7\u00e3o do Projeto Ponto do Samba, re\u00fane imagens de arquivos acervos hist\u00f3ricos e depoimento de sambistas.<\/p>\n<p style=\"text-align: center;\"><span style=\"font-size: 14pt;\"><strong>Compet\u00eancia<\/strong><\/span><\/p>\n<p style=\"text-align: center;\">O juiz-forano Marcelo Zenkner, diretor da Petrobras foi escolhido o segundo melhor executivo do Brasil, entre 830 nomes de grandes empresas. Ele atuou no Minist\u00e9rio P\u00fablico do Esp\u00edrito Santo, sempre com \u00e9tica, respeito e dinamismo. A pesquisa foi realizada pelo anu\u00e1rio \u201cAn\u00e1lise Executivos Jur\u00eddicos e Financeiros\u201d que mapeou os \u201cExecutivos de Compliance Mais Admirados\u201d. Comemorando muito, sua mulher Joj\u00f4 Policeni Zenkner.<\/p>\n<div id=\"attachment_166038\" style=\"width: 690px\" class=\"wp-caption aligncenter\"><img loading=\"lazy\" decoding=\"async\" aria-describedby=\"caption-attachment-166038\" class=\"wp-image-166038\" src=\"https:\/\/diarioregionaldigital.com.br\/wp-content\/uploads\/2020\/08\/fotoa-e1596604037589.jpg\" alt=\"\" width=\"680\" height=\"515\" srcset=\"https:\/\/diarioregionaldigital.com.br\/wp-content\/uploads\/2020\/08\/fotoa-e1596604037589.jpg 1368w, https:\/\/diarioregionaldigital.com.br\/wp-content\/uploads\/2020\/08\/fotoa-e1596604037589-300x227.jpg 300w, https:\/\/diarioregionaldigital.com.br\/wp-content\/uploads\/2020\/08\/fotoa-e1596604037589-1024x776.jpg 1024w, https:\/\/diarioregionaldigital.com.br\/wp-content\/uploads\/2020\/08\/fotoa-e1596604037589-768x582.jpg 768w, https:\/\/diarioregionaldigital.com.br\/wp-content\/uploads\/2020\/08\/fotoa-e1596604037589-360x273.jpg 360w\" sizes=\"auto, (max-width: 680px) 100vw, 680px\" \/><p id=\"caption-attachment-166038\" class=\"wp-caption-text\">A 4\u00aa feira \u00e9 do querido casal Luiz Carlos Lyra e Reni Proc\u00f3pio Florentino no juntos para sempre<\/p><\/div>\n<div id=\"attachment_166039\" style=\"width: 690px\" class=\"wp-caption aligncenter\"><img loading=\"lazy\" decoding=\"async\" aria-describedby=\"caption-attachment-166039\" class=\"wp-image-166039\" src=\"https:\/\/diarioregionaldigital.com.br\/wp-content\/uploads\/2020\/08\/fotob-1-e1596604080302.jpg\" alt=\"\" width=\"680\" height=\"532\" srcset=\"https:\/\/diarioregionaldigital.com.br\/wp-content\/uploads\/2020\/08\/fotob-1-e1596604080302.jpg 648w, https:\/\/diarioregionaldigital.com.br\/wp-content\/uploads\/2020\/08\/fotob-1-e1596604080302-300x235.jpg 300w, https:\/\/diarioregionaldigital.com.br\/wp-content\/uploads\/2020\/08\/fotob-1-e1596604080302-360x282.jpg 360w\" sizes=\"auto, (max-width: 680px) 100vw, 680px\" \/><p id=\"caption-attachment-166039\" class=\"wp-caption-text\">Sucesso em 2020, o cantor e performer das multid\u00f5es, Wagner Vaccari<\/p><\/div>\n<div id=\"attachment_166040\" style=\"width: 690px\" class=\"wp-caption aligncenter\"><img loading=\"lazy\" decoding=\"async\" aria-describedby=\"caption-attachment-166040\" class=\"wp-image-166040\" src=\"https:\/\/diarioregionaldigital.com.br\/wp-content\/uploads\/2020\/08\/fotoc-1-e1596604119209.jpg\" alt=\"\" width=\"680\" height=\"458\" srcset=\"https:\/\/diarioregionaldigital.com.br\/wp-content\/uploads\/2020\/08\/fotoc-1-e1596604119209.jpg 540w, https:\/\/diarioregionaldigital.com.br\/wp-content\/uploads\/2020\/08\/fotoc-1-e1596604119209-300x202.jpg 300w, https:\/\/diarioregionaldigital.com.br\/wp-content\/uploads\/2020\/08\/fotoc-1-e1596604119209-360x243.jpg 360w\" sizes=\"auto, (max-width: 680px) 100vw, 680px\" \/><p id=\"caption-attachment-166040\" class=\"wp-caption-text\">Com esperan\u00e7a de dias melhores, um close em Simone Sissa<\/p><\/div>\n<div id=\"attachment_166041\" style=\"width: 690px\" class=\"wp-caption aligncenter\"><img loading=\"lazy\" decoding=\"async\" aria-describedby=\"caption-attachment-166041\" class=\"wp-image-166041\" src=\"https:\/\/diarioregionaldigital.com.br\/wp-content\/uploads\/2020\/08\/fotod-1-e1596604152396.jpg\" alt=\"\" width=\"680\" height=\"472\" srcset=\"https:\/\/diarioregionaldigital.com.br\/wp-content\/uploads\/2020\/08\/fotod-1-e1596604152396.jpg 2027w, https:\/\/diarioregionaldigital.com.br\/wp-content\/uploads\/2020\/08\/fotod-1-e1596604152396-300x208.jpg 300w, https:\/\/diarioregionaldigital.com.br\/wp-content\/uploads\/2020\/08\/fotod-1-e1596604152396-1024x711.jpg 1024w, https:\/\/diarioregionaldigital.com.br\/wp-content\/uploads\/2020\/08\/fotod-1-e1596604152396-768x533.jpg 768w, https:\/\/diarioregionaldigital.com.br\/wp-content\/uploads\/2020\/08\/fotod-1-e1596604152396-1536x1067.jpg 1536w, https:\/\/diarioregionaldigital.com.br\/wp-content\/uploads\/2020\/08\/fotod-1-e1596604152396-360x250.jpg 360w, https:\/\/diarioregionaldigital.com.br\/wp-content\/uploads\/2020\/08\/fotod-1-e1596604152396-100x70.jpg 100w\" sizes=\"auto, (max-width: 680px) 100vw, 680px\" \/><p id=\"caption-attachment-166041\" class=\"wp-caption-text\">Casal refinado em brinde positivo, Geraldo Ant\u00f4nio de Souza e Dalva Westermann<\/p><\/div>\n<div id=\"attachment_166042\" style=\"width: 690px\" class=\"wp-caption aligncenter\"><img loading=\"lazy\" decoding=\"async\" aria-describedby=\"caption-attachment-166042\" class=\"wp-image-166042\" src=\"https:\/\/diarioregionaldigital.com.br\/wp-content\/uploads\/2020\/08\/fotoe-1-e1596604198745.jpg\" alt=\"\" width=\"680\" height=\"476\" srcset=\"https:\/\/diarioregionaldigital.com.br\/wp-content\/uploads\/2020\/08\/fotoe-1-e1596604198745.jpg 1251w, https:\/\/diarioregionaldigital.com.br\/wp-content\/uploads\/2020\/08\/fotoe-1-e1596604198745-300x210.jpg 300w, https:\/\/diarioregionaldigital.com.br\/wp-content\/uploads\/2020\/08\/fotoe-1-e1596604198745-1024x717.jpg 1024w, https:\/\/diarioregionaldigital.com.br\/wp-content\/uploads\/2020\/08\/fotoe-1-e1596604198745-768x538.jpg 768w, https:\/\/diarioregionaldigital.com.br\/wp-content\/uploads\/2020\/08\/fotoe-1-e1596604198745-360x252.jpg 360w, https:\/\/diarioregionaldigital.com.br\/wp-content\/uploads\/2020\/08\/fotoe-1-e1596604198745-100x70.jpg 100w\" sizes=\"auto, (max-width: 680px) 100vw, 680px\" \/><p id=\"caption-attachment-166042\" class=\"wp-caption-text\">Mulheres rainha na quarentena, Lenise Pires Zotti e Graziela Poncina Zotti<\/p><\/div>\n<div id=\"attachment_166043\" style=\"width: 690px\" class=\"wp-caption aligncenter\"><img loading=\"lazy\" decoding=\"async\" aria-describedby=\"caption-attachment-166043\" class=\"wp-image-166043\" src=\"https:\/\/diarioregionaldigital.com.br\/wp-content\/uploads\/2020\/08\/fotof-e1596604234220.jpg\" alt=\"\" width=\"680\" height=\"509\" srcset=\"https:\/\/diarioregionaldigital.com.br\/wp-content\/uploads\/2020\/08\/fotof-e1596604234220.jpg 586w, https:\/\/diarioregionaldigital.com.br\/wp-content\/uploads\/2020\/08\/fotof-e1596604234220-300x225.jpg 300w, https:\/\/diarioregionaldigital.com.br\/wp-content\/uploads\/2020\/08\/fotof-e1596604234220-360x270.jpg 360w\" sizes=\"auto, (max-width: 680px) 100vw, 680px\" \/><p id=\"caption-attachment-166043\" class=\"wp-caption-text\">O querido casal Andr\u00e9 Ribeiro Silva (Chargista) e Tamine Elmor juntos e felizes<\/p><\/div>\n<div id=\"attachment_166044\" style=\"width: 690px\" class=\"wp-caption aligncenter\"><img loading=\"lazy\" decoding=\"async\" aria-describedby=\"caption-attachment-166044\" class=\"wp-image-166044\" src=\"https:\/\/diarioregionaldigital.com.br\/wp-content\/uploads\/2020\/08\/fotog-1-e1596604262941.jpg\" alt=\"\" width=\"680\" height=\"472\" srcset=\"https:\/\/diarioregionaldigital.com.br\/wp-content\/uploads\/2020\/08\/fotog-1-e1596604262941.jpg 936w, https:\/\/diarioregionaldigital.com.br\/wp-content\/uploads\/2020\/08\/fotog-1-e1596604262941-300x208.jpg 300w, https:\/\/diarioregionaldigital.com.br\/wp-content\/uploads\/2020\/08\/fotog-1-e1596604262941-768x533.jpg 768w, https:\/\/diarioregionaldigital.com.br\/wp-content\/uploads\/2020\/08\/fotog-1-e1596604262941-360x250.jpg 360w, https:\/\/diarioregionaldigital.com.br\/wp-content\/uploads\/2020\/08\/fotog-1-e1596604262941-100x70.jpg 100w\" sizes=\"auto, (max-width: 680px) 100vw, 680px\" \/><p id=\"caption-attachment-166044\" class=\"wp-caption-text\">Antes da pandemia no Casar\u00e3o, Val\u00e9ria Cruz, Luiz Ant\u00f4nio Naresi J\u00fanior e Karla Naresi<\/p><\/div>\n<div id=\"attachment_166045\" style=\"width: 690px\" class=\"wp-caption aligncenter\"><img loading=\"lazy\" decoding=\"async\" aria-describedby=\"caption-attachment-166045\" class=\"wp-image-166045\" src=\"https:\/\/diarioregionaldigital.com.br\/wp-content\/uploads\/2020\/08\/fotoh-e1596604295535.jpeg\" alt=\"\" width=\"680\" height=\"474\" srcset=\"https:\/\/diarioregionaldigital.com.br\/wp-content\/uploads\/2020\/08\/fotoh-e1596604295535.jpeg 775w, https:\/\/diarioregionaldigital.com.br\/wp-content\/uploads\/2020\/08\/fotoh-e1596604295535-300x210.jpeg 300w, https:\/\/diarioregionaldigital.com.br\/wp-content\/uploads\/2020\/08\/fotoh-e1596604295535-768x535.jpeg 768w, https:\/\/diarioregionaldigital.com.br\/wp-content\/uploads\/2020\/08\/fotoh-e1596604295535-360x251.jpeg 360w, https:\/\/diarioregionaldigital.com.br\/wp-content\/uploads\/2020\/08\/fotoh-e1596604295535-100x70.jpeg 100w\" sizes=\"auto, (max-width: 680px) 100vw, 680px\" \/><p id=\"caption-attachment-166045\" class=\"wp-caption-text\">No evento da Adesg, os ilustres: Kelma Costa, Carlos Silveira, General R\u00f4mulo Bini Pereira e Anna Ede<\/p><\/div>\n<div id=\"attachment_166046\" style=\"width: 690px\" class=\"wp-caption aligncenter\"><img loading=\"lazy\" decoding=\"async\" aria-describedby=\"caption-attachment-166046\" class=\"wp-image-166046\" src=\"https:\/\/diarioregionaldigital.com.br\/wp-content\/uploads\/2020\/08\/fotoj-1-e1596604361355.jpg\" alt=\"\" width=\"680\" height=\"466\" srcset=\"https:\/\/diarioregionaldigital.com.br\/wp-content\/uploads\/2020\/08\/fotoj-1-e1596604361355.jpg 945w, https:\/\/diarioregionaldigital.com.br\/wp-content\/uploads\/2020\/08\/fotoj-1-e1596604361355-300x205.jpg 300w, https:\/\/diarioregionaldigital.com.br\/wp-content\/uploads\/2020\/08\/fotoj-1-e1596604361355-768x526.jpg 768w, https:\/\/diarioregionaldigital.com.br\/wp-content\/uploads\/2020\/08\/fotoj-1-e1596604361355-360x246.jpg 360w, https:\/\/diarioregionaldigital.com.br\/wp-content\/uploads\/2020\/08\/fotoj-1-e1596604361355-100x70.jpg 100w\" sizes=\"auto, (max-width: 680px) 100vw, 680px\" \/><p id=\"caption-attachment-166046\" class=\"wp-caption-text\">No Centro de Juiz de Fora, as autoridades: o sindicalista S\u00e9rgio F\u00e9lix, Delegado Cleber e o professor Wilson Francisco Nepomuceno<\/p><\/div>\n<p style=\"text-align: center;\"><strong>FOTOSS\u00cdNTESE<\/strong><\/p>\n<p>Digno de elogios, o m\u00e9dico nefrologista juiz-forano Luiz Cl\u00e1udio Pinto teve seu artigo baseado na tese de mestrado orientado pelo Dr. Charles Villacorta, publicado em revista internacional apoiada pela National Kidney Foundation. O tema foi \u201cDesenvolvimento e Valida\u00e7\u00e3o de um Aplicativo de Acompanhamento de Pacientes em di\u00e1lise: Nefroport\u00e1til\u201d.<\/p>\n<p>Correio Elegante: Vibra\u00e7\u00f5es positivas para: Aimine e Diego Le\u00e3o, S\u00f3ria Calixto, Roger Noronha, Leonor Carneiro, Beth Talha, Rodrigo Amaral, Cilene Campos, L\u00e9o Miroudo, Leonardo Cruz, Eduardo Gama, Carlos Sacchi e Julia Horta.<\/p>\n<p>Com investimento em conforto e seguran\u00e7a, o Novo Centro Cir\u00fargico do Hospital Albert Sabin merece nota dez. A equipe e os pacientes agradecem.<\/p>\n<p>Agendado por 6 de agosto mais uma Blitz Solid\u00e1ria com doa\u00e7\u00e3o de alimentos agasalhos e cobertura em prol da Associa\u00e7\u00e3o dos Amigos. O hor\u00e1rio \u00e9 de 10 as 17hs com entrega na Rua Alameda Passaros da Pol\u00f4nia n\u00ba 35, Estrela Sul.<\/p>\n<p>Com sucesso retumbante mesmo em \u00e9poca de pandemia a Planet \/ Chevrolet lan\u00e7ou a Nova S10, que est\u00e1 toda reestilizada.<\/p>\n<p>O humorista mineiro de Guarani Gustavo Mendes ser\u00e1 um dos protagonistas do filme \u201cVitrine humana\u201d que ser\u00e1 adaptado para o cinema com aval do roteirista e autor Silva Cerceau.<\/p>\n<p>Toque sutil: \u201cSe acha que a aventura \u00e9 perigosa, experimente a rotina, \u00e9 mortal\u201d. Bom dia.<\/p>\n<p><img loading=\"lazy\" decoding=\"async\" class=\"aligncenter size-full wp-image-166058\" src=\"https:\/\/diarioregionaldigital.com.br\/wp-content\/uploads\/2020\/08\/anuncio21-scaled.jpg\" alt=\"\" width=\"2560\" height=\"994\" srcset=\"https:\/\/diarioregionaldigital.com.br\/wp-content\/uploads\/2020\/08\/anuncio21-scaled.jpg 2560w, https:\/\/diarioregionaldigital.com.br\/wp-content\/uploads\/2020\/08\/anuncio21-300x116.jpg 300w, https:\/\/diarioregionaldigital.com.br\/wp-content\/uploads\/2020\/08\/anuncio21-1024x398.jpg 1024w, https:\/\/diarioregionaldigital.com.br\/wp-content\/uploads\/2020\/08\/anuncio21-768x298.jpg 768w, https:\/\/diarioregionaldigital.com.br\/wp-content\/uploads\/2020\/08\/anuncio21-1536x596.jpg 1536w, https:\/\/diarioregionaldigital.com.br\/wp-content\/uploads\/2020\/08\/anuncio21-2048x795.jpg 2048w, https:\/\/diarioregionaldigital.com.br\/wp-content\/uploads\/2020\/08\/anuncio21-360x140.jpg 360w\" sizes=\"auto, (max-width: 2560px) 100vw, 2560px\" \/><\/p>\n<p>&nbsp;<\/p>\n","protected":false},"excerpt":{"rendered":"<p>Voc\u00ea Sabia? Em momento dif\u00edcil, a Assembleia atendeu proposta do governo Romeu Zema e em sess\u00e3o extraordin\u00e1ria aprovou em turno \u00fanico projeto de resolu\u00e7\u00e3o que mant\u00e9m o estado de calamidade p\u00fablica em Minas Gerais at\u00e9 o dia 31 de dezembro. Ziriguidum O carism\u00e1tico cantor e compositor juiz-forano Carlos Fernando Cunha, dirige o filme \u201cVai manter [&hellip;]<\/p>\n","protected":false},"author":96,"featured_media":166038,"comment_status":"closed","ping_status":"closed","sticky":false,"template":"","format":"standard","meta":{"footnotes":""},"categories":[264],"tags":[],"class_list":["post-166057","post","type-post","status-publish","format-standard","has-post-thumbnail","hentry","category-eduardo-gomes"],"_links":{"self":[{"href":"https:\/\/diarioregionaldigital.com.br\/index.php?rest_route=\/wp\/v2\/posts\/166057","targetHints":{"allow":["GET"]}}],"collection":[{"href":"https:\/\/diarioregionaldigital.com.br\/index.php?rest_route=\/wp\/v2\/posts"}],"about":[{"href":"https:\/\/diarioregionaldigital.com.br\/index.php?rest_route=\/wp\/v2\/types\/post"}],"author":[{"embeddable":true,"href":"https:\/\/diarioregionaldigital.com.br\/index.php?rest_route=\/wp\/v2\/users\/96"}],"replies":[{"embeddable":true,"href":"https:\/\/diarioregionaldigital.com.br\/index.php?rest_route=%2Fwp%2Fv2%2Fcomments&post=166057"}],"version-history":[{"count":0,"href":"https:\/\/diarioregionaldigital.com.br\/index.php?rest_route=\/wp\/v2\/posts\/166057\/revisions"}],"wp:featuredmedia":[{"embeddable":true,"href":"https:\/\/diarioregionaldigital.com.br\/index.php?rest_route=\/wp\/v2\/media\/166038"}],"wp:attachment":[{"href":"https:\/\/diarioregionaldigital.com.br\/index.php?rest_route=%2Fwp%2Fv2%2Fmedia&parent=166057"}],"wp:term":[{"taxonomy":"category","embeddable":true,"href":"https:\/\/diarioregionaldigital.com.br\/index.php?rest_route=%2Fwp%2Fv2%2Fcategories&post=166057"},{"taxonomy":"post_tag","embeddable":true,"href":"https:\/\/diarioregionaldigital.com.br\/index.php?rest_route=%2Fwp%2Fv2%2Ftags&post=166057"}],"curies":[{"name":"wp","href":"https:\/\/api.w.org\/{rel}","templated":true}]}}