{"id":166052,"date":"2020-08-04T23:20:57","date_gmt":"2020-08-05T02:20:57","guid":{"rendered":"https:\/\/diarioregionaldigital.com.br\/?p=166052"},"modified":"2020-08-04T23:20:57","modified_gmt":"2020-08-05T02:20:57","slug":"covid-19-brasil-chega-a-28-milhoes-de-casos-703-estao-recuperados","status":"publish","type":"post","link":"https:\/\/diarioregionaldigital.com.br\/?p=166052","title":{"rendered":"Covid-19: Brasil chega a 2,8 milh\u00f5es de casos; 70,3% est\u00e3o recuperados"},"content":{"rendered":"<p>Desde o in\u00edcio da pandemia,\u00a02.801.921 de brasileiros contra\u00edram o v\u00edrus. O total de mortes chega a\u00a095.819. H\u00e1 3,6 mil \u00f3bitos em investiga\u00e7\u00e3o.\u00a0Nas \u00faltimas 24 horas, foram registrados 51.603 novos casos confirmados de covid-19 e 1.154 mortes relacionadas \u00e0 pandemia do novo coronav\u00edrus. Os n\u00fameros est\u00e3o no balan\u00e7o di\u00e1rio de hoje (4) publicado pelo Minist\u00e9rio da Sa\u00fade.<img decoding=\"async\" src=\"https:\/\/agenciabrasil.ebc.com.br\/ebc.png?id=1312967&amp;o=node\" \/><img decoding=\"async\" src=\"https:\/\/agenciabrasil.ebc.com.br\/ebc.gif?id=1312967&amp;o=node\" \/><\/p>\n<p>De acordo com o minist\u00e9rio,\u00a01.970.767 pessoas j\u00e1 se recuperaram da covid-19 e 735.335 pacientes est\u00e3o em acompanhamento.<\/p>\n<p>A taxa de letalidade (n\u00famero de mortes pelo total de casos) ficou em 3,4%. A mortalidade (quantidade de \u00f3bitos por 100 mil habitantes) atingiu 45,6. A incid\u00eancia dos casos de covid-19 por 100 mil habitantes \u00e9 de 1.333,3.<\/p>\n<p>Aos s\u00e1bados, domingos e segundas-feiras, o n\u00famero registrado di\u00e1rio tende a ser menor pela dificuldade de alimenta\u00e7\u00e3o dos bancos de dados pelas secretarias municipais e estaduais. J\u00e1 \u00e0s\u00a0ter\u00e7as-feiras, o quantitativo em geral \u00e9 maior pela atualiza\u00e7\u00e3o dos casos acumulados aos fins de semana.<\/p>\n<p>O Brasil mant\u00e9m-se como segundo no\u00a0<em>ranking\u00a0<\/em>mundial em casos e mortes relacionados \u00e0 pandemia. A lideran\u00e7a \u00e9 dos Estados Unidos. De acordo com o mapa da universidade Johns Hopkins, o pa\u00eds possui 156.426 mortes e 4.758.028 casos acumulados.<\/p>\n<p><strong>Covid-19 nos estados<\/strong><\/p>\n<p>Os estados com mais mortes por covid-19 s\u00e3o: S\u00e3o Paulo (23.702), Rio\u00a0de Janeiro\u00a0(13.715), Cear\u00e1 (7.806), Pernambuco (6.717) e Par\u00e1 (5.799). As Unidades da Federa\u00e7\u00e3o com menos falecimentos pela pandemia s\u00e3o Tocantins (408), Mato Grosso do Sul (432), Roraima (528), Acre (545) e Amap\u00e1 (581). Mato Grosso do Sul, que permaneceu ao longo da pandemia como o local menos letal, perdeu o posto para Tocantins, que ocupa agora o \u00faltimo lugar no ranking (408).<\/p>\n<p>J\u00e1 em termos de casos, S\u00e3o Paulo lidera (575.589), seguido por Cear\u00e1 (179.341), Bahia (175.389), Rio\u00a0de Janeiro\u00a0(168.911) e Par\u00e1 (158.277). A Bahia ultrapassou o Rio\u00a0de Janeiro\u00a0na terceira posi\u00e7\u00e3o. Os estados com menos pessoas infectadas at\u00e9 o momento s\u00e3o: Amap\u00e1 (36.999), Roraima (33.194), Mato Grosso do Sul (27.678), Tocantins (27.664) e Acre (20.708). O Acre consolidou a posi\u00e7\u00e3o de estado com menos casos. Nas \u00faltimas semanas, essa posi\u00e7\u00e3o era ocupada por Mato Grosso do Sul.<\/p>\n<p><strong>Fonte:\u00a0<\/strong>Ag\u00eancia Brasil<\/p>\n","protected":false},"excerpt":{"rendered":"<p>Desde o in\u00edcio da pandemia,\u00a02.801.921 de brasileiros contra\u00edram o v\u00edrus. O total de mortes chega a\u00a095.819. H\u00e1 3,6 mil \u00f3bitos em investiga\u00e7\u00e3o.\u00a0Nas \u00faltimas 24 horas, foram registrados 51.603 novos casos confirmados de covid-19 e 1.154 mortes relacionadas \u00e0 pandemia do novo coronav\u00edrus. Os n\u00fameros est\u00e3o no balan\u00e7o di\u00e1rio de hoje (4) publicado pelo Minist\u00e9rio da [&hellip;]<\/p>\n","protected":false},"author":96,"featured_media":166053,"comment_status":"closed","ping_status":"closed","sticky":false,"template":"","format":"standard","meta":{"footnotes":""},"categories":[302,436,440,439],"tags":[],"class_list":["post-166052","post","type-post","status-publish","format-standard","has-post-thumbnail","hentry","category-brasil-mundo","category-destaque-da-semana","category-destaques-do-dia","category-ultima-hora"],"_links":{"self":[{"href":"https:\/\/diarioregionaldigital.com.br\/index.php?rest_route=\/wp\/v2\/posts\/166052","targetHints":{"allow":["GET"]}}],"collection":[{"href":"https:\/\/diarioregionaldigital.com.br\/index.php?rest_route=\/wp\/v2\/posts"}],"about":[{"href":"https:\/\/diarioregionaldigital.com.br\/index.php?rest_route=\/wp\/v2\/types\/post"}],"author":[{"embeddable":true,"href":"https:\/\/diarioregionaldigital.com.br\/index.php?rest_route=\/wp\/v2\/users\/96"}],"replies":[{"embeddable":true,"href":"https:\/\/diarioregionaldigital.com.br\/index.php?rest_route=%2Fwp%2Fv2%2Fcomments&post=166052"}],"version-history":[{"count":0,"href":"https:\/\/diarioregionaldigital.com.br\/index.php?rest_route=\/wp\/v2\/posts\/166052\/revisions"}],"wp:featuredmedia":[{"embeddable":true,"href":"https:\/\/diarioregionaldigital.com.br\/index.php?rest_route=\/wp\/v2\/media\/166053"}],"wp:attachment":[{"href":"https:\/\/diarioregionaldigital.com.br\/index.php?rest_route=%2Fwp%2Fv2%2Fmedia&parent=166052"}],"wp:term":[{"taxonomy":"category","embeddable":true,"href":"https:\/\/diarioregionaldigital.com.br\/index.php?rest_route=%2Fwp%2Fv2%2Fcategories&post=166052"},{"taxonomy":"post_tag","embeddable":true,"href":"https:\/\/diarioregionaldigital.com.br\/index.php?rest_route=%2Fwp%2Fv2%2Ftags&post=166052"}],"curies":[{"name":"wp","href":"https:\/\/api.w.org\/{rel}","templated":true}]}}