{"id":166036,"date":"2020-08-04T19:09:40","date_gmt":"2020-08-04T22:09:40","guid":{"rendered":"https:\/\/diarioregionaldigital.com.br\/?p=166036"},"modified":"2020-08-04T19:09:40","modified_gmt":"2020-08-04T22:09:40","slug":"policia-civil-prende-suspeito-de-cometer-roubo-em-cataguases","status":"publish","type":"post","link":"https:\/\/diarioregionaldigital.com.br\/?p=166036","title":{"rendered":"Pol\u00edcia Civil prende suspeito de cometer roubo em Cataguases"},"content":{"rendered":"<p><span style=\"font-weight: 400;\">Nesta ter\u00e7a-feira (04), a Pol\u00edcia Civil de Minas Gerais deflagrou uma opera\u00e7\u00e3o policial, na cidade de Ub\u00e1, visando o cumprimento de mandados de pris\u00e3o e de buscas e apreens\u00f5es relacionados \u00e0 apura\u00e7\u00e3o de um roubo, ocorrido, no dia 28 de abril, no munic\u00edpio de Cataguases, em uma propriedade rural localizada no distrito de Cataguarino. Na ocasi\u00e3o, dois indiv\u00edduos, que portavam arma de fogo, mantiveram uma fam\u00edlia ref\u00e9m, sob amea\u00e7as, enquanto praticavam o roubo de objetos, valores e ve\u00edculo das v\u00edtimas. Durante a a\u00e7\u00e3o realizada na Zona da Mata mineira, por interm\u00e9dio da 27\u00aa Delegacia de Pol\u00edcia de Cataguases, com apoio da 2\u00aa Delegacia Regional e de Ub\u00e1, um homem de 31 anos foi preso, suspeito de praticar o crime.\u00a0 Tamb\u00e9m foram apreendidos celulares e um ve\u00edculo.<\/span><\/p>\n<p><span style=\"font-weight: 400;\">Apura\u00e7\u00f5es indicaram que, na \u00e9poca, os suspeitos chegaram a trancar as v\u00edtimas em um c\u00f4modo da resid\u00eancia, enquanto procuravam por objetos, dinheiro, joias e outros pertences. Eles foram mantidos ref\u00e9ns por cerca de duas horas. Em seguida, os investigados deixaram o local, levando o ve\u00edculo da fam\u00edlia e outros pertences, entre eles, joias, eletrodom\u00e9sticos, alimentos e valores em dinheiro.<\/span><\/p>\n<p><span style=\"font-weight: 400;\">As investiga\u00e7\u00f5es foram iniciadas, assim que a PCMG tomou conhecimentos dos fatos, por meio do Delegado Diego Mattos de Vilhena, respons\u00e1vel pela apura\u00e7\u00e3o. Iniciadas as dilig\u00eancias efetuadas pela equipe da 27\u00aa Delegacia de Pol\u00edcia Civil e, ap\u00f3s troca de informa\u00e7\u00f5es, o N\u00facleo de Intelig\u00eancia da Pol\u00edcia Civil em Cataguases identificou um dos suspeitos, bem como a resid\u00eancia dele, localizada na cidade de Ub\u00e1. Com o avan\u00e7o das investiga\u00e7\u00f5es, o Delegado de Pol\u00edcia representou junto ao Poder Judici\u00e1rio pela expedi\u00e7\u00e3o do mandado de pris\u00e3o, pedido que foi deferido pela Justi\u00e7a.<\/span><\/p>\n<p><span style=\"font-weight: 400;\">As apura\u00e7\u00f5es avan\u00e7am, com o objetivo de identificar outros indiv\u00edduos, porventura envolvidos, al\u00e9m de tentar recuperar outros bens roubados na ocasi\u00e3o.<\/span><\/p>\n<p><span style=\"font-weight: 400;\">O homem foi conduzido ao sistema prisional, permanecendo \u00e0 disposi\u00e7\u00e3o da Justi\u00e7a.<\/span><\/p>\n<p><strong>Fonte:<\/strong> Assessoria<\/p>\n","protected":false},"excerpt":{"rendered":"<p>Nesta ter\u00e7a-feira (04), a Pol\u00edcia Civil de Minas Gerais deflagrou uma opera\u00e7\u00e3o policial, na cidade de Ub\u00e1, visando o cumprimento de mandados de pris\u00e3o e de buscas e apreens\u00f5es relacionados \u00e0 apura\u00e7\u00e3o de um roubo, ocorrido, no dia 28 de abril, no munic\u00edpio de Cataguases, em uma propriedade rural localizada no distrito de Cataguarino. Na [&hellip;]<\/p>\n","protected":false},"author":96,"featured_media":165308,"comment_status":"closed","ping_status":"closed","sticky":false,"template":"","format":"standard","meta":{"footnotes":""},"categories":[301,436,439],"tags":[],"class_list":["post-166036","post","type-post","status-publish","format-standard","has-post-thumbnail","hentry","category-artigos-policiais","category-destaque-da-semana","category-ultima-hora"],"_links":{"self":[{"href":"https:\/\/diarioregionaldigital.com.br\/index.php?rest_route=\/wp\/v2\/posts\/166036","targetHints":{"allow":["GET"]}}],"collection":[{"href":"https:\/\/diarioregionaldigital.com.br\/index.php?rest_route=\/wp\/v2\/posts"}],"about":[{"href":"https:\/\/diarioregionaldigital.com.br\/index.php?rest_route=\/wp\/v2\/types\/post"}],"author":[{"embeddable":true,"href":"https:\/\/diarioregionaldigital.com.br\/index.php?rest_route=\/wp\/v2\/users\/96"}],"replies":[{"embeddable":true,"href":"https:\/\/diarioregionaldigital.com.br\/index.php?rest_route=%2Fwp%2Fv2%2Fcomments&post=166036"}],"version-history":[{"count":0,"href":"https:\/\/diarioregionaldigital.com.br\/index.php?rest_route=\/wp\/v2\/posts\/166036\/revisions"}],"wp:featuredmedia":[{"embeddable":true,"href":"https:\/\/diarioregionaldigital.com.br\/index.php?rest_route=\/wp\/v2\/media\/165308"}],"wp:attachment":[{"href":"https:\/\/diarioregionaldigital.com.br\/index.php?rest_route=%2Fwp%2Fv2%2Fmedia&parent=166036"}],"wp:term":[{"taxonomy":"category","embeddable":true,"href":"https:\/\/diarioregionaldigital.com.br\/index.php?rest_route=%2Fwp%2Fv2%2Fcategories&post=166036"},{"taxonomy":"post_tag","embeddable":true,"href":"https:\/\/diarioregionaldigital.com.br\/index.php?rest_route=%2Fwp%2Fv2%2Ftags&post=166036"}],"curies":[{"name":"wp","href":"https:\/\/api.w.org\/{rel}","templated":true}]}}