{"id":166034,"date":"2020-08-04T19:07:06","date_gmt":"2020-08-04T22:07:06","guid":{"rendered":"https:\/\/diarioregionaldigital.com.br\/?p=166034"},"modified":"2020-08-04T19:07:06","modified_gmt":"2020-08-04T22:07:06","slug":"operacao-boi-sujo-pcmg-desmantela-quadrilha-suspeita-de-furtar-gados-na-zona-da-mata","status":"publish","type":"post","link":"https:\/\/diarioregionaldigital.com.br\/?p=166034","title":{"rendered":"Opera\u00e7\u00e3o \u201cBoi Sujo\u201d: PCMG desmantela quadrilha suspeita de furtar gados na Zona da Mata"},"content":{"rendered":"<p><span style=\"font-weight: 400;\">Nesta ter\u00e7a-feira (04), a Pol\u00edcia Civil de Minas Gerais deflagrou a segunda etapa da operac\u0327a\u0303o policial \u201cBoi Sujo\u201d, com intuito de combater e de desmantelar uma quadrilha especializada em furto de gado, com atua\u00e7\u00e3o na regia\u0303o da Zona da Mata mineira, sobretudo, nos munic\u00edpios de Fervedouro, Miradouro, Divino, Vieiras e Carangola. Quatro pessoas foram presas. Na primeira fase da manobra, desencadeada no dia 17 de junho, duas pessoas foram presas e um ve\u00edculo Fiat Siena foi apreendido.<\/span><\/p>\n<p><span style=\"font-weight: 400;\">Durante as dilig\u00eancias, Investigadores, coordenados pelos Delegados Eduardo Freitas e Ro\u0302mulo Segatini, cumpriram quatro mandados de prisa\u0303o preventiva em desfavor de suspeitos de integrarem o grupo.\u00a0 Tr\u00eas pessoas foram presas na cidade de Fervedouro e uma no munic\u00edpio de Divino.<\/span><\/p>\n<p><span style=\"font-weight: 400;\">Os investigados foram encaminhados ao sistema prisional, permanecendo \u00e0 disposi\u00e7\u00e3o da Justi\u00e7a.<\/span><\/p>\n<p><strong>Primeira Fase<\/strong><\/p>\n<p><span style=\"font-weight: 400;\">Na manh\u00e3 do dia 17 de junho, a Pol\u00edcia Civil de Minas Gerais deflagrou a opera\u00e7\u00e3o \u201cBoi Sujo\u201d, com o objetivo de combater furtos de gados e de maquin\u00e1rios no munic\u00edpio de Fervedouro e na regi\u00e3o. Na ocasi\u00e3o, duas pessoas foram presas e um ve\u00edculo Fiat Siena foi apreendido, durante a a\u00e7\u00e3o, cujo nome faz alus\u00e3o \u00e0 origem de mercancia il\u00edcita dos animais.<\/span><\/p>\n<p><span style=\"font-weight: 400;\">De acordo com informa\u00e7\u00f5es do Delegado Eduardo Freitas, os homens, suspeitos de integrarem uma quadrilha especializada na pr\u00e1tica criminosa, foram localizados em Fervedouro, j\u00e1 o carro que teria sido utilizado nos crimes para o transporte dos investigados foi encontrado no distrito de Bom Jesus da Cachoeira.<\/span><\/p>\n<p><span style=\"font-weight: 400;\">Segundo a autoridade policial, os suspeitos foram presos pelos crimes de furto qualificado, associa\u00e7\u00e3o criminosa e corrup\u00e7\u00e3o de menores. Al\u00e9m disso, investiga\u00e7\u00f5es apontam que eles teriam cometido o crime de adultera\u00e7\u00e3o de sinal identificador de ve\u00edculo automotor, pois teriam utilizado um caminh\u00e3o clonado, que j\u00e1 havia sido apreendido pela Pol\u00edcia Militar, para ser utilizado na pr\u00e1tica de furtos de gados.<\/span><\/p>\n<p><strong>Fonte:\u00a0<\/strong>Assessoria<\/p>\n","protected":false},"excerpt":{"rendered":"<p>Nesta ter\u00e7a-feira (04), a Pol\u00edcia Civil de Minas Gerais deflagrou a segunda etapa da operac\u0327a\u0303o policial \u201cBoi Sujo\u201d, com intuito de combater e de desmantelar uma quadrilha especializada em furto de gado, com atua\u00e7\u00e3o na regia\u0303o da Zona da Mata mineira, sobretudo, nos munic\u00edpios de Fervedouro, Miradouro, Divino, Vieiras e Carangola. Quatro pessoas foram presas. [&hellip;]<\/p>\n","protected":false},"author":96,"featured_media":165308,"comment_status":"closed","ping_status":"closed","sticky":false,"template":"","format":"standard","meta":{"footnotes":""},"categories":[301,436,439],"tags":[],"class_list":["post-166034","post","type-post","status-publish","format-standard","has-post-thumbnail","hentry","category-artigos-policiais","category-destaque-da-semana","category-ultima-hora"],"_links":{"self":[{"href":"https:\/\/diarioregionaldigital.com.br\/index.php?rest_route=\/wp\/v2\/posts\/166034","targetHints":{"allow":["GET"]}}],"collection":[{"href":"https:\/\/diarioregionaldigital.com.br\/index.php?rest_route=\/wp\/v2\/posts"}],"about":[{"href":"https:\/\/diarioregionaldigital.com.br\/index.php?rest_route=\/wp\/v2\/types\/post"}],"author":[{"embeddable":true,"href":"https:\/\/diarioregionaldigital.com.br\/index.php?rest_route=\/wp\/v2\/users\/96"}],"replies":[{"embeddable":true,"href":"https:\/\/diarioregionaldigital.com.br\/index.php?rest_route=%2Fwp%2Fv2%2Fcomments&post=166034"}],"version-history":[{"count":0,"href":"https:\/\/diarioregionaldigital.com.br\/index.php?rest_route=\/wp\/v2\/posts\/166034\/revisions"}],"wp:featuredmedia":[{"embeddable":true,"href":"https:\/\/diarioregionaldigital.com.br\/index.php?rest_route=\/wp\/v2\/media\/165308"}],"wp:attachment":[{"href":"https:\/\/diarioregionaldigital.com.br\/index.php?rest_route=%2Fwp%2Fv2%2Fmedia&parent=166034"}],"wp:term":[{"taxonomy":"category","embeddable":true,"href":"https:\/\/diarioregionaldigital.com.br\/index.php?rest_route=%2Fwp%2Fv2%2Fcategories&post=166034"},{"taxonomy":"post_tag","embeddable":true,"href":"https:\/\/diarioregionaldigital.com.br\/index.php?rest_route=%2Fwp%2Fv2%2Ftags&post=166034"}],"curies":[{"name":"wp","href":"https:\/\/api.w.org\/{rel}","templated":true}]}}