{"id":165963,"date":"2020-08-04T10:34:15","date_gmt":"2020-08-04T13:34:15","guid":{"rendered":"https:\/\/diarioregionaldigital.com.br\/?p=165963"},"modified":"2020-08-04T10:34:15","modified_gmt":"2020-08-04T13:34:15","slug":"entenda-a-divisao-por-ondas-nas-novas-regras-do-minas-consciente","status":"publish","type":"post","link":"https:\/\/diarioregionaldigital.com.br\/?p=165963","title":{"rendered":"Entenda a divis\u00e3o por ondas nas novas regras do Minas Consciente"},"content":{"rendered":"<p><span style=\"font-weight: 400;\">A revis\u00e3o do plano Minas Consciente, que prev\u00ea a retomada segura e respons\u00e1vel da economia, busca simplificar as orienta\u00e7\u00f5es do Estado e adequ\u00e1-las \u00e0 realidade dos munic\u00edpios. Para isso, o Governo de Minas reorganizou a divis\u00e3o em ondas, que mostra qual o momento indicado para a abertura de cada tipo de com\u00e9rcio e de atividade econ\u00f4mica.<\/span><\/p>\n<p><span style=\"font-weight: 400;\">Com as novas regras, o plano Minas Consciente passa a ter tr\u00eas ondas:\u00a0<\/span><\/p>\n<p><b>Onda 1 &#8211; vermelha<\/b><span style=\"font-weight: 400;\"> &#8211; servi\u00e7os essenciais<\/span><\/p>\n<p><b>Onda 2 &#8211; amarela<\/b><span style=\"font-weight: 400;\"> &#8211; servi\u00e7os n\u00e3o essenciais<\/span><\/p>\n<p><b>Onda 3 &#8211; verde &#8211;<\/b><span style=\"font-weight: 400;\"> servi\u00e7os n\u00e3o essenciais com alto \u00edndice de cont\u00e1gio por covid-19<\/span><\/p>\n<p><b>\u00a0\u00a0<\/b><span style=\"font-weight: 400;\">A divis\u00e3o funciona de forma semelhante a um sem\u00e1foro, como explica o secret\u00e1rio adjunto de Desenvolvimento Econ\u00f4mico de Minas Gerais, Fernando Passalio. \u201cTemos que pensar como um sinal de tr\u00e2nsito: a onda vermelha \u00e9 a mais restritiva, \u00e9 o \u201cpare\u201d, com abertura de menos setores. A amarela \u00e9 a intermedi\u00e1ria, em que come\u00e7amos a incluir setores como vestu\u00e1rio, sal\u00f5es de beleza, lojas de variedades e de departamentos. Por \u00faltimo, temos a onda verde, que seria o \u201csiga\u201d, com amplia\u00e7\u00e3o dos setores que podem funcionar\u201d, afirma.\u00a0<\/span><\/p>\n<p><span style=\"font-weight: 400;\">As mudan\u00e7as passam a valer a partir desta quinta-feira (6\/8). Na ocasi\u00e3o, o Comit\u00ea Extraordin\u00e1rio Covid-19 divulgar\u00e1 o detalhamento das ondas a serem seguidas por cada microrregi\u00e3o.<\/span><\/p>\n<p><b>Evolu\u00e7\u00e3o<\/b><\/p>\n<p><span style=\"font-weight: 400;\">Para evoluir da onda vermelha para a amarela, o munic\u00edpio deve cumprir as restri\u00e7\u00f5es da primeira fase por sete dias. Em seguida, para passar para a verde, \u00e9 preciso esperar 28 dias.\u00a0<\/span><\/p>\n<p><span style=\"font-weight: 400;\">\u00c9 importante lembrar que, a qualquer momento, as cidades podem ser obrigadas a retroceder de onda, caso os dados epidemiol\u00f3gicos mostrem avan\u00e7o descontrolado da doen\u00e7a.\u00a0<\/span><\/p>\n<p><span style=\"font-weight: 400;\">As novas regras para o Minas Consciente mant\u00eam o mesmo rigor com rela\u00e7\u00e3o \u00e0 retomada da economia, como destaca Passalio. \u201cEm momento algum o novo plano fala de flexibilizar o isolamento. Na verdade, ele \u00e9 uma forma de isolamento respons\u00e1vel para quem quer preservar empregos, preservar a economia, mas, acima de tudo, preservar a vida das pessoas\u201d, frisa.\u00a0<\/span><\/p>\n<p><b>Munic\u00edpios de menor porte<\/b><\/p>\n<p><span style=\"font-weight: 400;\">Uma novidade na revis\u00e3o do plano s\u00e3o as regras espec\u00edficas para munic\u00edpios com popula\u00e7\u00e3o menor ou igual a 30 mil pessoas. As cidades que se enquadram nesse crit\u00e9rio e que registraram menos de 50 casos de covid-19 para cada 100 mil habitantes nos \u00faltimos 14 dias, est\u00e3o autorizadas a ir direto para a onda intermedi\u00e1ria (amarela).<\/span><\/p>\n<p><span style=\"font-weight: 400;\">Segundo Passalio h\u00e1, atualmente, cerca de 300 munic\u00edpios mineiros nessa categoria.<\/span><\/p>\n<p><b>Ondas<\/b><\/p>\n<p><span style=\"font-weight: 400;\">Veja, a seguir, exemplos de atividades que est\u00e3o inclu\u00eddas em cada uma das tr\u00eas etapas do plano Minas Consciente:\u00a0<\/span><\/p>\n<p><b>\u00a0<\/b><\/p>\n<p><b>Onda 1 &#8211; vermelha &#8211; servi\u00e7os essenciais<\/b><\/p>\n<p><span style=\"font-weight: 400;\">&#8211; Supermercados, padarias, restaurantes, lanchonetes, lojas de conveni\u00eancia<\/span><\/p>\n<p><span style=\"font-weight: 400;\">&#8211; Bares (somente para delivery ou retirada no balc\u00e3o)\u00a0<\/span><\/p>\n<p><span style=\"font-weight: 400;\">&#8211; A\u00e7ougues, peixarias, hortifrutigranjeiros<\/span><\/p>\n<p><span style=\"font-weight: 400;\">&#8211; Servi\u00e7os de ambulantes de alimenta\u00e7\u00e3o<\/span><\/p>\n<p><span style=\"font-weight: 400;\">&#8211; Farm\u00e1cias, drogarias, lojas de cosm\u00e9ticos, lavanderias, pet shop<\/span><\/p>\n<p><span style=\"font-weight: 400;\">&#8211; Bancos, casas lot\u00e9ricas, cooperativas de cr\u00e9dito<\/span><\/p>\n<p><span style=\"font-weight: 400;\">&#8211; Vigil\u00e2ncia e seguran\u00e7a privada<\/span><\/p>\n<p><span style=\"font-weight: 400;\">&#8211; Servi\u00e7os de reparo e manuten\u00e7\u00e3o<\/span><\/p>\n<p><span style=\"font-weight: 400;\">&#8211; Lojas de inform\u00e1tica e aparelhos de comunica\u00e7\u00e3o<\/span><\/p>\n<p><span style=\"font-weight: 400;\">&#8211; Hot\u00e9is, mot\u00e9is, campings, alojamentos e pens\u00f5es<\/span><\/p>\n<p><span style=\"font-weight: 400;\">&#8211; Constru\u00e7\u00e3o civil e obras de infraestrutura<\/span><\/p>\n<p><span style=\"font-weight: 400;\">&#8211; Com\u00e9rcio de ve\u00edculos, pe\u00e7as e acess\u00f3rios automotores<\/span><\/p>\n<p><b>\u00a0<\/b><\/p>\n<p><b>Onda 2 &#8211; amarela &#8211; servi\u00e7os n\u00e3o essenciais<\/b><\/p>\n<p><span style=\"font-weight: 400;\">&#8211; Bares (consumo no local)<\/span><\/p>\n<p><span style=\"font-weight: 400;\">&#8211; Autoescola e cursos de pilotagem<\/span><\/p>\n<p><span style=\"font-weight: 400;\">&#8211; Sal\u00e3o de beleza e atividades de est\u00e9tica\u00a0<\/span><\/p>\n<p><span style=\"font-weight: 400;\">&#8211; Com\u00e9rcio de eletrodom\u00e9sticos e equipamentos de \u00e1udio e v\u00eddeo<\/span><\/p>\n<p><span style=\"font-weight: 400;\">&#8211; Papelaria, lojas de livros, discos e revistas,\u00a0<\/span><\/p>\n<p><span style=\"font-weight: 400;\">&#8211; Lojas de roupas, bijuterias, joias, cal\u00e7ados, e artigos de viagem<\/span><\/p>\n<p><span style=\"font-weight: 400;\">&#8211; Com\u00e9rcio de itens de cama, mesa e banho<\/span><\/p>\n<p><span style=\"font-weight: 400;\">&#8211; Lojas de m\u00f3veis e lustres<\/span><\/p>\n<p><span style=\"font-weight: 400;\">&#8211; Imobili\u00e1rias<\/span><\/p>\n<p><span style=\"font-weight: 400;\">&#8211; Lojas de departamento e duty free<\/span><\/p>\n<p><span style=\"font-weight: 400;\">&#8211; Lojas de brinquedos<\/span><\/p>\n<p><b>\u00a0<\/b><\/p>\n<p><b>Onda 3 &#8211; verde &#8211; servi\u00e7os n\u00e3o essenciais com alto \u00edndice de cont\u00e1gio<\/b><\/p>\n<p><span style=\"font-weight: 400;\">&#8211; Atividades art\u00edsticas, como produ\u00e7\u00e3o teatral, musical e de dan\u00e7a e circo<\/span><\/p>\n<p><span style=\"font-weight: 400;\">&#8211; Academias e demais atividades de condicionamento f\u00edsico\u00a0<\/span><\/p>\n<p><span style=\"font-weight: 400;\">&#8211; Cinemas, bibliotecas, museus, arquivos<\/span><\/p>\n<p><span style=\"font-weight: 400;\">&#8211; Parques, zool\u00f3gicos e jardins<\/span><\/p>\n<p><span style=\"font-weight: 400;\">&#8211; Clubes<\/span><\/p>\n<p><span style=\"font-weight: 400;\">&#8211; Feiras, congressos, exposi\u00e7\u00f5es, filmagens de festas, casas de festas, buf\u00ea<\/span><\/p>\n<p><span style=\"font-weight: 400;\">&#8211; Parques de divers\u00e3o, discotecas, boliches, sinuca<\/span><\/p>\n<p><span style=\"font-weight: 400;\">&#8211; Bares com entretenimento (shows e espet\u00e1culos)<\/span><\/p>\n<p><span style=\"font-weight: 400;\">&#8211; Servi\u00e7os de coloca\u00e7\u00e3o de piercings e tatuagens<\/span><\/p>\n<p><strong>Fonte:<\/strong> Ag\u00eancia Minas<\/p>\n","protected":false},"excerpt":{"rendered":"<p>A revis\u00e3o do plano Minas Consciente, que prev\u00ea a retomada segura e respons\u00e1vel da economia, busca simplificar as orienta\u00e7\u00f5es do Estado e adequ\u00e1-las \u00e0 realidade dos munic\u00edpios. Para isso, o Governo de Minas reorganizou a divis\u00e3o em ondas, que mostra qual o momento indicado para a abertura de cada tipo de com\u00e9rcio e de atividade [&hellip;]<\/p>\n","protected":false},"author":96,"featured_media":165964,"comment_status":"closed","ping_status":"closed","sticky":false,"template":"","format":"standard","meta":{"footnotes":""},"categories":[436,440,254,439],"tags":[],"class_list":["post-165963","post","type-post","status-publish","format-standard","has-post-thumbnail","hentry","category-destaque-da-semana","category-destaques-do-dia","category-politica","category-ultima-hora"],"_links":{"self":[{"href":"https:\/\/diarioregionaldigital.com.br\/index.php?rest_route=\/wp\/v2\/posts\/165963","targetHints":{"allow":["GET"]}}],"collection":[{"href":"https:\/\/diarioregionaldigital.com.br\/index.php?rest_route=\/wp\/v2\/posts"}],"about":[{"href":"https:\/\/diarioregionaldigital.com.br\/index.php?rest_route=\/wp\/v2\/types\/post"}],"author":[{"embeddable":true,"href":"https:\/\/diarioregionaldigital.com.br\/index.php?rest_route=\/wp\/v2\/users\/96"}],"replies":[{"embeddable":true,"href":"https:\/\/diarioregionaldigital.com.br\/index.php?rest_route=%2Fwp%2Fv2%2Fcomments&post=165963"}],"version-history":[{"count":0,"href":"https:\/\/diarioregionaldigital.com.br\/index.php?rest_route=\/wp\/v2\/posts\/165963\/revisions"}],"wp:featuredmedia":[{"embeddable":true,"href":"https:\/\/diarioregionaldigital.com.br\/index.php?rest_route=\/wp\/v2\/media\/165964"}],"wp:attachment":[{"href":"https:\/\/diarioregionaldigital.com.br\/index.php?rest_route=%2Fwp%2Fv2%2Fmedia&parent=165963"}],"wp:term":[{"taxonomy":"category","embeddable":true,"href":"https:\/\/diarioregionaldigital.com.br\/index.php?rest_route=%2Fwp%2Fv2%2Fcategories&post=165963"},{"taxonomy":"post_tag","embeddable":true,"href":"https:\/\/diarioregionaldigital.com.br\/index.php?rest_route=%2Fwp%2Fv2%2Ftags&post=165963"}],"curies":[{"name":"wp","href":"https:\/\/api.w.org\/{rel}","templated":true}]}}