{"id":165933,"date":"2020-08-03T18:51:30","date_gmt":"2020-08-03T21:51:30","guid":{"rendered":"https:\/\/diarioregionaldigital.com.br\/?p=165933"},"modified":"2020-08-03T18:51:30","modified_gmt":"2020-08-03T21:51:30","slug":"museu-celebra-mes-da-fotografia-com-publicacao-diaria-de-imagens-do-acervo","status":"publish","type":"post","link":"https:\/\/diarioregionaldigital.com.br\/?p=165933","title":{"rendered":"Museu celebra \u201cM\u00eas da Fotografia\u201d com publica\u00e7\u00e3o di\u00e1ria de imagens do acervo"},"content":{"rendered":"<p>O \u201cDia Mundial da Fotografia\u201d \u00e9 comemorado em 19 de agosto. A data marca a apresenta\u00e7\u00e3o oficial desta arte ao mundo, pela Academia de Ci\u00eancias da Fran\u00e7a, em 1839. Assim, o Museu &#8220;Mariano Proc\u00f3pio&#8221; apresentar\u00e1 em suas redes sociais, ao longo do m\u00eas, uma imagem do acervo do Arquivo Fotogr\u00e1fico a cada dia.<\/p>\n<p>A fotografia surgiu e se popularizou mundo afora, como linguagem compreendida por povos de diferentes na\u00e7\u00f5es e culturas, em todas as \u00e9pocas. A sele\u00e7\u00e3o das imagens do Arquivo Fotogr\u00e1fico apresentar\u00e1 imagens em diferentes t\u00e9cnicas, formatos, temas, autorais e materiais, demonstrando a singularidade, import\u00e2ncia hist\u00f3rico-cultural e representatividade do acervo do Museu. Nos dois primeiros dias do m\u00eas foram publicadas as fotografias intituladas \u201cCostume des Chefs Indiens\u201d, de Marc Ferrez, e \u201cSchoollokaal Voor de Kleintjes Vrouwenkamp\u201d \/ \u201cAlbert`s Dorp\u201d, n\u00e3o constando o nome do autor.<\/p>\n<p><strong>Fonte:\u00a0<\/strong>Assessoria<\/p>\n","protected":false},"excerpt":{"rendered":"<p>O \u201cDia Mundial da Fotografia\u201d \u00e9 comemorado em 19 de agosto. A data marca a apresenta\u00e7\u00e3o oficial desta arte ao mundo, pela Academia de Ci\u00eancias da Fran\u00e7a, em 1839. Assim, o Museu &#8220;Mariano Proc\u00f3pio&#8221; apresentar\u00e1 em suas redes sociais, ao longo do m\u00eas, uma imagem do acervo do Arquivo Fotogr\u00e1fico a cada dia. A fotografia [&hellip;]<\/p>\n","protected":false},"author":96,"featured_media":165934,"comment_status":"closed","ping_status":"closed","sticky":false,"template":"","format":"standard","meta":{"footnotes":""},"categories":[256,436,439],"tags":[],"class_list":["post-165933","post","type-post","status-publish","format-standard","has-post-thumbnail","hentry","category-cultura","category-destaque-da-semana","category-ultima-hora"],"_links":{"self":[{"href":"https:\/\/diarioregionaldigital.com.br\/index.php?rest_route=\/wp\/v2\/posts\/165933","targetHints":{"allow":["GET"]}}],"collection":[{"href":"https:\/\/diarioregionaldigital.com.br\/index.php?rest_route=\/wp\/v2\/posts"}],"about":[{"href":"https:\/\/diarioregionaldigital.com.br\/index.php?rest_route=\/wp\/v2\/types\/post"}],"author":[{"embeddable":true,"href":"https:\/\/diarioregionaldigital.com.br\/index.php?rest_route=\/wp\/v2\/users\/96"}],"replies":[{"embeddable":true,"href":"https:\/\/diarioregionaldigital.com.br\/index.php?rest_route=%2Fwp%2Fv2%2Fcomments&post=165933"}],"version-history":[{"count":0,"href":"https:\/\/diarioregionaldigital.com.br\/index.php?rest_route=\/wp\/v2\/posts\/165933\/revisions"}],"wp:featuredmedia":[{"embeddable":true,"href":"https:\/\/diarioregionaldigital.com.br\/index.php?rest_route=\/wp\/v2\/media\/165934"}],"wp:attachment":[{"href":"https:\/\/diarioregionaldigital.com.br\/index.php?rest_route=%2Fwp%2Fv2%2Fmedia&parent=165933"}],"wp:term":[{"taxonomy":"category","embeddable":true,"href":"https:\/\/diarioregionaldigital.com.br\/index.php?rest_route=%2Fwp%2Fv2%2Fcategories&post=165933"},{"taxonomy":"post_tag","embeddable":true,"href":"https:\/\/diarioregionaldigital.com.br\/index.php?rest_route=%2Fwp%2Fv2%2Ftags&post=165933"}],"curies":[{"name":"wp","href":"https:\/\/api.w.org\/{rel}","templated":true}]}}