{"id":165927,"date":"2020-08-03T18:48:38","date_gmt":"2020-08-03T21:48:38","guid":{"rendered":"https:\/\/diarioregionaldigital.com.br\/?p=165927"},"modified":"2020-08-03T18:48:38","modified_gmt":"2020-08-03T21:48:38","slug":"praca-ceu-exibe-espetaculo-de-danca-inspirado-em-cancao-de-john-lennon","status":"publish","type":"post","link":"https:\/\/diarioregionaldigital.com.br\/?p=165927","title":{"rendered":"Pra\u00e7a CEU exibe espet\u00e1culo de dan\u00e7a inspirado em can\u00e7\u00e3o de John Lennon"},"content":{"rendered":"<p>Uma das mais belas apresenta\u00e7\u00f5es de dan\u00e7a promovidas pela Pra\u00e7a CEU (Centro de Artes e Esportes Unificados \u201cCoronel Adelmir Romualdo de Oliveira\u201d) volta \u00e0 cena, dessa vez, em ambiente virtual. A filmagem do espet\u00e1culo \u201cImagine\u201d, inspirado na can\u00e7\u00e3o hom\u00f4nima de John Lennon, do segundo \u00e1lbum solo do cantor ingl\u00eas, lan\u00e7ado em 1971, ser\u00e1 exibida nesta ter\u00e7a-feira, 4, pelo facebook do equipamento urbano (facebook.com\/ceuzonanorte), \u00e0s 19 horas. A apresenta\u00e7\u00e3o \u00e9 livre para todos os p\u00fablicos.<\/p>\n<p>A montagem, que estreou em dezembro de 2019, reuniu cerca de cem bailarinos, de seis a 15 anos, das turmas de bal\u00e9 cl\u00e1ssico e jazz da Pra\u00e7a CEU. Assinadas pelo articulador cultural Welbert Rodrigues, as coreografias falam da possibilidade de um mundo melhor, com mais igualdade entre as pessoas. Em \u201cImagine\u201d, que se tornou uma das can\u00e7\u00f5es mais ic\u00f4nicas do s\u00e9culo 20, Lennon manifestou seu sonho de paz mundial, vislumbrando um planeta sem barreiras pol\u00edticas, sociais, religiosas ou de qualquer outra ordem.<\/p>\n<p>Conforme o coordenador-geral da Pra\u00e7a CEU, Andr\u00e9 Noronha, a reapresenta\u00e7\u00e3o do espet\u00e1culo, agora, faz todo sentido, pelo recado que transmite: \u201cA coreografia carrega mensagens otimistas, de esperan\u00e7a e paz. Estamos todos precisando disso, em meio \u00e0s incertezas e restri\u00e7\u00f5es impostas pela pandemia de covid-19. Al\u00e9m disso, por meio do espet\u00e1culo, podemos acompanhar o trabalho que \u00e9 feito com alunas e alunos de bal\u00e9 e jazz. \u00c9 um est\u00edmulo para que continuem praticando e se aprimorando\u201d.<\/p>\n<p>Durante a quarentena, a Pra\u00e7a CEU, mantida pela Funda\u00e7\u00e3o Cultural \u201cAlfredo Ferreira Lage\u201d (Funalfa), com gest\u00e3o da Associa\u00e7\u00e3o Cultural Arte e Vida (Acav), est\u00e1 promovendo oficinas culturais e esportivas, por meio de grupos de whatsapp.<\/p>\n<p><strong>Fonte:\u00a0<\/strong>Assessoria<\/p>\n","protected":false},"excerpt":{"rendered":"<p>Uma das mais belas apresenta\u00e7\u00f5es de dan\u00e7a promovidas pela Pra\u00e7a CEU (Centro de Artes e Esportes Unificados \u201cCoronel Adelmir Romualdo de Oliveira\u201d) volta \u00e0 cena, dessa vez, em ambiente virtual. A filmagem do espet\u00e1culo \u201cImagine\u201d, inspirado na can\u00e7\u00e3o hom\u00f4nima de John Lennon, do segundo \u00e1lbum solo do cantor ingl\u00eas, lan\u00e7ado em 1971, ser\u00e1 exibida nesta [&hellip;]<\/p>\n","protected":false},"author":96,"featured_media":165928,"comment_status":"closed","ping_status":"closed","sticky":false,"template":"","format":"standard","meta":{"footnotes":""},"categories":[256,436,439],"tags":[],"class_list":["post-165927","post","type-post","status-publish","format-standard","has-post-thumbnail","hentry","category-cultura","category-destaque-da-semana","category-ultima-hora"],"_links":{"self":[{"href":"https:\/\/diarioregionaldigital.com.br\/index.php?rest_route=\/wp\/v2\/posts\/165927","targetHints":{"allow":["GET"]}}],"collection":[{"href":"https:\/\/diarioregionaldigital.com.br\/index.php?rest_route=\/wp\/v2\/posts"}],"about":[{"href":"https:\/\/diarioregionaldigital.com.br\/index.php?rest_route=\/wp\/v2\/types\/post"}],"author":[{"embeddable":true,"href":"https:\/\/diarioregionaldigital.com.br\/index.php?rest_route=\/wp\/v2\/users\/96"}],"replies":[{"embeddable":true,"href":"https:\/\/diarioregionaldigital.com.br\/index.php?rest_route=%2Fwp%2Fv2%2Fcomments&post=165927"}],"version-history":[{"count":0,"href":"https:\/\/diarioregionaldigital.com.br\/index.php?rest_route=\/wp\/v2\/posts\/165927\/revisions"}],"wp:featuredmedia":[{"embeddable":true,"href":"https:\/\/diarioregionaldigital.com.br\/index.php?rest_route=\/wp\/v2\/media\/165928"}],"wp:attachment":[{"href":"https:\/\/diarioregionaldigital.com.br\/index.php?rest_route=%2Fwp%2Fv2%2Fmedia&parent=165927"}],"wp:term":[{"taxonomy":"category","embeddable":true,"href":"https:\/\/diarioregionaldigital.com.br\/index.php?rest_route=%2Fwp%2Fv2%2Fcategories&post=165927"},{"taxonomy":"post_tag","embeddable":true,"href":"https:\/\/diarioregionaldigital.com.br\/index.php?rest_route=%2Fwp%2Fv2%2Ftags&post=165927"}],"curies":[{"name":"wp","href":"https:\/\/api.w.org\/{rel}","templated":true}]}}