{"id":165912,"date":"2020-08-03T18:27:01","date_gmt":"2020-08-03T21:27:01","guid":{"rendered":"https:\/\/diarioregionaldigital.com.br\/?p=165912"},"modified":"2020-08-03T18:27:01","modified_gmt":"2020-08-03T21:27:01","slug":"policia-civil-prende-suspeitos-de-cometerem-homicidio-em-uba","status":"publish","type":"post","link":"https:\/\/diarioregionaldigital.com.br\/?p=165912","title":{"rendered":"Pol\u00edcia Civil prende suspeitos de cometerem homic\u00eddio em Ub\u00e1"},"content":{"rendered":"<p><span style=\"font-weight: 400;\">Na sexta-feira (31), a Pol\u00edcia Civil de Minas Gerais realizou o cumprimento de mandados de pris\u00e3o, no munic\u00edpio de Ub\u00e1, em desfavor de dois jovens, 20 e 22 anos, suspeitos de praticarem o crime de homic\u00eddio consumado, ocorrido no dia 21 de mar\u00e7o. O fato aconteceu no bairro S\u00e3o Jo\u00e3o e, na ocasi\u00e3o, um homem de 27 anos se encontrava em um bar, quando os indiciados alvejaram a v\u00edtima com v\u00e1rios disparos de arma de fogo. Ap\u00f3s apura\u00e7\u00f5es, tamb\u00e9m foi esclarecida a motiva\u00e7\u00e3o do crime.<\/span><\/p>\n<p><span style=\"font-weight: 400;\">O homic\u00eddio teria acontecido, em raz\u00e3o de desaven\u00e7as por disputas de tr\u00e1ficos de drogas entre moradores do mesmo bairro. O investigado mais velho foi conduzido at\u00e9 a Delegacia Regional de Ub\u00e1 para a realiza\u00e7\u00e3o de procedimentos de praxe. Em rela\u00e7\u00e3o \u00e0 pris\u00e3o do outro jovem, tamb\u00e9m foi cumprido mandado de pris\u00e3o em desfavor do suspeito pelo crime de homic\u00eddio, no entanto, ele j\u00e1 se encontrava preso no sistema prisional, em virtude da pr\u00e1tica de outro crime.<\/span><\/p>\n<p><strong>Fonte:\u00a0<\/strong>Assessoria<\/p>\n","protected":false},"excerpt":{"rendered":"<p>Na sexta-feira (31), a Pol\u00edcia Civil de Minas Gerais realizou o cumprimento de mandados de pris\u00e3o, no munic\u00edpio de Ub\u00e1, em desfavor de dois jovens, 20 e 22 anos, suspeitos de praticarem o crime de homic\u00eddio consumado, ocorrido no dia 21 de mar\u00e7o. O fato aconteceu no bairro S\u00e3o Jo\u00e3o e, na ocasi\u00e3o, um homem [&hellip;]<\/p>\n","protected":false},"author":96,"featured_media":165308,"comment_status":"closed","ping_status":"closed","sticky":false,"template":"","format":"standard","meta":{"footnotes":""},"categories":[301,436,439],"tags":[],"class_list":["post-165912","post","type-post","status-publish","format-standard","has-post-thumbnail","hentry","category-artigos-policiais","category-destaque-da-semana","category-ultima-hora"],"_links":{"self":[{"href":"https:\/\/diarioregionaldigital.com.br\/index.php?rest_route=\/wp\/v2\/posts\/165912","targetHints":{"allow":["GET"]}}],"collection":[{"href":"https:\/\/diarioregionaldigital.com.br\/index.php?rest_route=\/wp\/v2\/posts"}],"about":[{"href":"https:\/\/diarioregionaldigital.com.br\/index.php?rest_route=\/wp\/v2\/types\/post"}],"author":[{"embeddable":true,"href":"https:\/\/diarioregionaldigital.com.br\/index.php?rest_route=\/wp\/v2\/users\/96"}],"replies":[{"embeddable":true,"href":"https:\/\/diarioregionaldigital.com.br\/index.php?rest_route=%2Fwp%2Fv2%2Fcomments&post=165912"}],"version-history":[{"count":0,"href":"https:\/\/diarioregionaldigital.com.br\/index.php?rest_route=\/wp\/v2\/posts\/165912\/revisions"}],"wp:featuredmedia":[{"embeddable":true,"href":"https:\/\/diarioregionaldigital.com.br\/index.php?rest_route=\/wp\/v2\/media\/165308"}],"wp:attachment":[{"href":"https:\/\/diarioregionaldigital.com.br\/index.php?rest_route=%2Fwp%2Fv2%2Fmedia&parent=165912"}],"wp:term":[{"taxonomy":"category","embeddable":true,"href":"https:\/\/diarioregionaldigital.com.br\/index.php?rest_route=%2Fwp%2Fv2%2Fcategories&post=165912"},{"taxonomy":"post_tag","embeddable":true,"href":"https:\/\/diarioregionaldigital.com.br\/index.php?rest_route=%2Fwp%2Fv2%2Ftags&post=165912"}],"curies":[{"name":"wp","href":"https:\/\/api.w.org\/{rel}","templated":true}]}}