{"id":165908,"date":"2020-08-03T17:58:53","date_gmt":"2020-08-03T20:58:53","guid":{"rendered":"https:\/\/diarioregionaldigital.com.br\/?p=165908"},"modified":"2020-08-03T17:59:14","modified_gmt":"2020-08-03T20:59:14","slug":"covid-19-juiz-de-fora-tem-3-605-casos-confirmados-e-119-mortes","status":"publish","type":"post","link":"https:\/\/diarioregionaldigital.com.br\/?p=165908","title":{"rendered":"Covid-19: Juiz de Fora tem 3.605 casos confirmados e 119 mortes"},"content":{"rendered":"<p><span style=\"font-weight: 400;\">O novo boletim divulgado nesta segunda-feira (3), pela Secretaria de Sa\u00fade (SS) da Prefeitura de Juiz de Fora (PJF), registrou mais 32 novos casos por Coronav\u00edrus, totalizando 3.605 no munic\u00edpio. Al\u00e9m disso, foi confirmada mais uma morte, contabilizando 119. A v\u00edtima \u00e9 um idoso, de 81 anos, que morreu nesta segunda, ele tinha Diabetes Mellitus (DM). Conforme o levantamento, foram registradas mais 64 novas suspeitas, contabilizando 13.262.\u00a0<\/span><\/p>\n<p><b>Leitos<\/b><\/p>\n<p><span style=\"font-weight: 400;\">Segundo informa\u00e7\u00f5es da PJF, os leitos de enfermaria est\u00e3o com 55,86% de ocupa\u00e7\u00e3o. J\u00e1 os os leitos de UTI e SUS, est\u00e3o com taxa de 67,03% e 71,58% respectivamente.<\/span><\/p>\n","protected":false},"excerpt":{"rendered":"<p>O novo boletim divulgado nesta segunda-feira (3), pela Secretaria de Sa\u00fade (SS) da Prefeitura de Juiz de Fora (PJF), registrou mais 32 novos casos por Coronav\u00edrus, totalizando 3.605 no munic\u00edpio. Al\u00e9m disso, foi confirmada mais uma morte, contabilizando 119. A v\u00edtima \u00e9 um idoso, de 81 anos, que morreu nesta segunda, ele tinha Diabetes Mellitus [&hellip;]<\/p>\n","protected":false},"author":96,"featured_media":165909,"comment_status":"closed","ping_status":"closed","sticky":false,"template":"","format":"standard","meta":{"footnotes":""},"categories":[253,436,440,439],"tags":[],"class_list":["post-165908","post","type-post","status-publish","format-standard","has-post-thumbnail","hentry","category-cidade","category-destaque-da-semana","category-destaques-do-dia","category-ultima-hora"],"_links":{"self":[{"href":"https:\/\/diarioregionaldigital.com.br\/index.php?rest_route=\/wp\/v2\/posts\/165908","targetHints":{"allow":["GET"]}}],"collection":[{"href":"https:\/\/diarioregionaldigital.com.br\/index.php?rest_route=\/wp\/v2\/posts"}],"about":[{"href":"https:\/\/diarioregionaldigital.com.br\/index.php?rest_route=\/wp\/v2\/types\/post"}],"author":[{"embeddable":true,"href":"https:\/\/diarioregionaldigital.com.br\/index.php?rest_route=\/wp\/v2\/users\/96"}],"replies":[{"embeddable":true,"href":"https:\/\/diarioregionaldigital.com.br\/index.php?rest_route=%2Fwp%2Fv2%2Fcomments&post=165908"}],"version-history":[{"count":0,"href":"https:\/\/diarioregionaldigital.com.br\/index.php?rest_route=\/wp\/v2\/posts\/165908\/revisions"}],"wp:featuredmedia":[{"embeddable":true,"href":"https:\/\/diarioregionaldigital.com.br\/index.php?rest_route=\/wp\/v2\/media\/165909"}],"wp:attachment":[{"href":"https:\/\/diarioregionaldigital.com.br\/index.php?rest_route=%2Fwp%2Fv2%2Fmedia&parent=165908"}],"wp:term":[{"taxonomy":"category","embeddable":true,"href":"https:\/\/diarioregionaldigital.com.br\/index.php?rest_route=%2Fwp%2Fv2%2Fcategories&post=165908"},{"taxonomy":"post_tag","embeddable":true,"href":"https:\/\/diarioregionaldigital.com.br\/index.php?rest_route=%2Fwp%2Fv2%2Ftags&post=165908"}],"curies":[{"name":"wp","href":"https:\/\/api.w.org\/{rel}","templated":true}]}}