{"id":165905,"date":"2020-08-03T17:44:39","date_gmt":"2020-08-03T20:44:39","guid":{"rendered":"https:\/\/diarioregionaldigital.com.br\/?p=165905"},"modified":"2020-08-03T17:44:39","modified_gmt":"2020-08-03T20:44:39","slug":"fiscalizacao-da-pjf-atua-em-feira-irregular-na-avenida-brasil","status":"publish","type":"post","link":"https:\/\/diarioregionaldigital.com.br\/?p=165905","title":{"rendered":"Fiscaliza\u00e7\u00e3o da PJF atua em feira irregular na Avenida Brasil"},"content":{"rendered":"<p><span style=\"font-weight: 400;\">As equipes de fiscaliza\u00e7\u00e3o da Prefeitura de Juiz de Fora (PJF), estiveram presentes para efetuarem interven\u00e7\u00e3o preventiva em feira irregular na Avenida Brasil, entre as pontes da Rua Halfeld e a Wilson Coury Jabour Jr. no domingo (2) em Juiz de Fora. O ponto \u00e9 conhecido por haver\u00a0 concentra\u00e7\u00e3o crescente de barracas irregulares nos fins de semana.\u00a0<\/span><\/p>\n<p><span style=\"font-weight: 400;\">O trabalho da fiscaliza\u00e7\u00e3o teve in\u00edcio \u00e0s 4h da madrugada e no referido hor\u00e1rio, algumas barracas do com\u00e9rcio j\u00e1 estavam instaladas no local. Os ambulantes foram orientados sobre a restri\u00e7\u00e3o para o exerc\u00edcio de atividade comercial sem licen\u00e7a, bem como da proibi\u00e7\u00e3o de realiza\u00e7\u00e3o de feiras e eventos que causem aglomera\u00e7\u00e3o durante o per\u00edodo de pandemia do coronav\u00edrus pelo munic\u00edpio.<\/span><\/p>\n<p><span style=\"font-weight: 400;\">Al\u00e9m disso, no per\u00edodo da noite nos quatro dias do fim de semana, um total de 191 estabelecimentos comerciais receberam a visita da for\u00e7a-tarefa, formada pelas secretarias de Seguran\u00e7a Urbana e Cidadania (Sesuc), atrav\u00e9s da Guarda Municipal (GM), de Transporte e Tr\u00e2nsito (Settra) e de Meio Ambiente e Ordenamento Urbano (Semaur), com agentes de transporte e tr\u00e2nsito e fiscais de posturas.<\/span><\/p>\n<p><span style=\"font-weight: 400;\">\u00a0Os trabalhos de fiscaliza\u00e7\u00e3o foram feitos em 17 bairros em Juiz de Fora, cujo objetivo foi verificar o cumprimento as normas de seguran\u00e7a sanit\u00e1rias impostas ao com\u00e9rcio. Foi constatado que tr\u00eas estabelecimentos nos Bairros Costa Carvalho (Regi\u00e3o Leste), Mariano Proc\u00f3pio e Manoel Hon\u00f3rio estes na Regi\u00e3o Central, receberam notifica\u00e7\u00f5es por parte da equipe de fiscaliza\u00e7\u00e3o. Al\u00e9m disso, um estabelecimento foi interditado no Po\u00e7o Rico (Regi\u00e3o Leste).<\/span><\/p>\n<p><span style=\"font-weight: 400;\">O objetivo da a\u00e7\u00e3o conjunta \u00e9 verificar as den\u00fancias referentes ao com\u00e9rcio que age \u00e0 revelia da lei. A manuten\u00e7\u00e3o de bares fechados \u00e9 medida de enfrentamento \u00e0 pandemia, com vista \u00e0 redu\u00e7\u00e3o da propaga\u00e7\u00e3o da covid-19. Apesar da reclassifica\u00e7\u00e3o das ondas do programa &#8220;Minas Consciente&#8221;, prevista para entrar em vigor no pr\u00f3ximo dia 6, prevalecem as restri\u00e7\u00f5es do Decreto Municipal 13.975 e suas altera\u00e7\u00f5es quanto ao com\u00e9rcio de bebidas alco\u00f3licas na cidade.<\/span><\/p>\n","protected":false},"excerpt":{"rendered":"<p>As equipes de fiscaliza\u00e7\u00e3o da Prefeitura de Juiz de Fora (PJF), estiveram presentes para efetuarem interven\u00e7\u00e3o preventiva em feira irregular na Avenida Brasil, entre as pontes da Rua Halfeld e a Wilson Coury Jabour Jr. no domingo (2) em Juiz de Fora. O ponto \u00e9 conhecido por haver\u00a0 concentra\u00e7\u00e3o crescente de barracas irregulares nos fins [&hellip;]<\/p>\n","protected":false},"author":96,"featured_media":165906,"comment_status":"closed","ping_status":"closed","sticky":false,"template":"","format":"standard","meta":{"footnotes":""},"categories":[253,436,439],"tags":[],"class_list":["post-165905","post","type-post","status-publish","format-standard","has-post-thumbnail","hentry","category-cidade","category-destaque-da-semana","category-ultima-hora"],"_links":{"self":[{"href":"https:\/\/diarioregionaldigital.com.br\/index.php?rest_route=\/wp\/v2\/posts\/165905","targetHints":{"allow":["GET"]}}],"collection":[{"href":"https:\/\/diarioregionaldigital.com.br\/index.php?rest_route=\/wp\/v2\/posts"}],"about":[{"href":"https:\/\/diarioregionaldigital.com.br\/index.php?rest_route=\/wp\/v2\/types\/post"}],"author":[{"embeddable":true,"href":"https:\/\/diarioregionaldigital.com.br\/index.php?rest_route=\/wp\/v2\/users\/96"}],"replies":[{"embeddable":true,"href":"https:\/\/diarioregionaldigital.com.br\/index.php?rest_route=%2Fwp%2Fv2%2Fcomments&post=165905"}],"version-history":[{"count":0,"href":"https:\/\/diarioregionaldigital.com.br\/index.php?rest_route=\/wp\/v2\/posts\/165905\/revisions"}],"wp:featuredmedia":[{"embeddable":true,"href":"https:\/\/diarioregionaldigital.com.br\/index.php?rest_route=\/wp\/v2\/media\/165906"}],"wp:attachment":[{"href":"https:\/\/diarioregionaldigital.com.br\/index.php?rest_route=%2Fwp%2Fv2%2Fmedia&parent=165905"}],"wp:term":[{"taxonomy":"category","embeddable":true,"href":"https:\/\/diarioregionaldigital.com.br\/index.php?rest_route=%2Fwp%2Fv2%2Fcategories&post=165905"},{"taxonomy":"post_tag","embeddable":true,"href":"https:\/\/diarioregionaldigital.com.br\/index.php?rest_route=%2Fwp%2Fv2%2Ftags&post=165905"}],"curies":[{"name":"wp","href":"https:\/\/api.w.org\/{rel}","templated":true}]}}