{"id":165901,"date":"2020-08-02T06:00:43","date_gmt":"2020-08-02T09:00:43","guid":{"rendered":"https:\/\/diarioregionaldigital.com.br\/?p=165901"},"modified":"2020-08-03T19:07:28","modified_gmt":"2020-08-03T22:07:28","slug":"165901","status":"publish","type":"post","link":"https:\/\/diarioregionaldigital.com.br\/?p=165901","title":{"rendered":"Tend\u00eancia p\u00f3s-pandemia"},"content":{"rendered":"<p style=\"text-align: center;\"><strong>Tend\u00eancia p\u00f3s-pandemia<\/strong><\/p>\n<p style=\"text-align: center;\">A Mostra Morar Mais Por menos envia convite e , est\u00e1 prevista para outubro no Itanhang\u00e1 (Rio). Tema que ir\u00e1 guiar o d\u00e9cor dos 59 ambientes da feira ser\u00e1 o t\u00e3o falado novo normal. A recep\u00e7\u00e3o ter\u00e1 uma estrutura de seguran\u00e7a, com tons de prata que impede a prolifera\u00e7\u00e3o de microrganismos. Novos tempos.<\/p>\n<p style=\"text-align: center;\"><strong>Ouvido de Mercador<\/strong><\/p>\n<p style=\"text-align: center;\">O mercado de audiolivros continuou crescendo em meio \u00e0 pandemia do Coronav\u00edrus. A Autibooks, parceira das editoras Record, Sextante e Intr\u00ednseca e o fundo de investimento Bronze, teve um aumento de 200% em vendas em junho igual m\u00eas de 2019. O n\u00famero de \u00e1udio livros editados saiu de 100 para 900 no mesmo per\u00edodo.<\/p>\n<p style=\"text-align: center;\"><strong>Olha S\u00f3<\/strong><\/p>\n<p style=\"text-align: center;\">A p\u00e9ssima imagem internacional do Brasil em rela\u00e7\u00e3o a preserva\u00e7\u00e3o do meio ambiente fez a BRF (Sadia e Perdig\u00e3o) se precaver: lan\u00e7a muito em breve uma campanha no exterior para explicar que seus produtos n\u00e3o s\u00e3o resultado do desmatamento da Amaz\u00f4nia.<\/p>\n<p style=\"text-align: center;\"><span style=\"font-size: 14pt;\"><strong>Para Refletir<\/strong><\/span><\/p>\n<p style=\"text-align: center;\">Um povo aben\u00e7oado pela arte e pela vontade de viver e construir descobrir\u00e1 sempre um horizonte, um motivo para ir \u00e0 luta e a f\u00e9 num amanh\u00e3 melhor. Saudemos a vida, e as pessoas com seu hino de esperan\u00e7a. Tijolo por tijolo, vamos nos reconstruir.<\/p>\n<div id=\"attachment_165815\" style=\"width: 690px\" class=\"wp-caption aligncenter\"><img loading=\"lazy\" decoding=\"async\" aria-describedby=\"caption-attachment-165815\" class=\"wp-image-165815\" src=\"https:\/\/diarioregionaldigital.com.br\/wp-content\/uploads\/2020\/07\/fotoa-19-e1596244653995.jpg\" alt=\"\" width=\"680\" height=\"469\" srcset=\"https:\/\/diarioregionaldigital.com.br\/wp-content\/uploads\/2020\/07\/fotoa-19-e1596244653995.jpg 1930w, https:\/\/diarioregionaldigital.com.br\/wp-content\/uploads\/2020\/07\/fotoa-19-e1596244653995-300x207.jpg 300w, https:\/\/diarioregionaldigital.com.br\/wp-content\/uploads\/2020\/07\/fotoa-19-e1596244653995-1024x706.jpg 1024w, https:\/\/diarioregionaldigital.com.br\/wp-content\/uploads\/2020\/07\/fotoa-19-e1596244653995-768x530.jpg 768w, https:\/\/diarioregionaldigital.com.br\/wp-content\/uploads\/2020\/07\/fotoa-19-e1596244653995-1536x1059.jpg 1536w, https:\/\/diarioregionaldigital.com.br\/wp-content\/uploads\/2020\/07\/fotoa-19-e1596244653995-360x248.jpg 360w, https:\/\/diarioregionaldigital.com.br\/wp-content\/uploads\/2020\/07\/fotoa-19-e1596244653995-100x70.jpg 100w\" sizes=\"auto, (max-width: 680px) 100vw, 680px\" \/><p id=\"caption-attachment-165815\" class=\"wp-caption-text\">Em momento \u00fanico de sess\u00e3o flor de laranjeira em Curvelo (MG), os queridos sobrinhos deste colunista Rodrimary Gomes e Caio Ribeiro<\/p><\/div>\n<div id=\"attachment_165816\" style=\"width: 690px\" class=\"wp-caption aligncenter\"><img loading=\"lazy\" decoding=\"async\" aria-describedby=\"caption-attachment-165816\" class=\"wp-image-165816\" src=\"https:\/\/diarioregionaldigital.com.br\/wp-content\/uploads\/2020\/07\/fotob-20-e1596245442855.jpg\" alt=\"\" width=\"680\" height=\"515\" srcset=\"https:\/\/diarioregionaldigital.com.br\/wp-content\/uploads\/2020\/07\/fotob-20-e1596245442855.jpg 1173w, https:\/\/diarioregionaldigital.com.br\/wp-content\/uploads\/2020\/07\/fotob-20-e1596245442855-300x227.jpg 300w, https:\/\/diarioregionaldigital.com.br\/wp-content\/uploads\/2020\/07\/fotob-20-e1596245442855-1024x775.jpg 1024w, https:\/\/diarioregionaldigital.com.br\/wp-content\/uploads\/2020\/07\/fotob-20-e1596245442855-768x581.jpg 768w, https:\/\/diarioregionaldigital.com.br\/wp-content\/uploads\/2020\/07\/fotob-20-e1596245442855-360x273.jpg 360w\" sizes=\"auto, (max-width: 680px) 100vw, 680px\" \/><p id=\"caption-attachment-165816\" class=\"wp-caption-text\">A elegante Florinha Carmo fazendo brinde em foto especial de Irene Barros<\/p><\/div>\n<div id=\"attachment_165817\" style=\"width: 690px\" class=\"wp-caption aligncenter\"><img loading=\"lazy\" decoding=\"async\" aria-describedby=\"caption-attachment-165817\" class=\"wp-image-165817\" src=\"https:\/\/diarioregionaldigital.com.br\/wp-content\/uploads\/2020\/07\/fotoc-18-e1596244693327.jpg\" alt=\"\" width=\"680\" height=\"494\" srcset=\"https:\/\/diarioregionaldigital.com.br\/wp-content\/uploads\/2020\/07\/fotoc-18-e1596244693327.jpg 739w, https:\/\/diarioregionaldigital.com.br\/wp-content\/uploads\/2020\/07\/fotoc-18-e1596244693327-300x218.jpg 300w, https:\/\/diarioregionaldigital.com.br\/wp-content\/uploads\/2020\/07\/fotoc-18-e1596244693327-360x262.jpg 360w\" sizes=\"auto, (max-width: 680px) 100vw, 680px\" \/><p id=\"caption-attachment-165817\" class=\"wp-caption-text\">Reinventando atividades no Trade Hotel durante a pandemia, Ava Gambel<\/p><\/div>\n<div id=\"attachment_165819\" style=\"width: 690px\" class=\"wp-caption aligncenter\"><img loading=\"lazy\" decoding=\"async\" aria-describedby=\"caption-attachment-165819\" class=\"wp-image-165819\" src=\"https:\/\/diarioregionaldigital.com.br\/wp-content\/uploads\/2020\/07\/fotoe-2-e1596244750226.jpeg\" alt=\"\" width=\"680\" height=\"519\" srcset=\"https:\/\/diarioregionaldigital.com.br\/wp-content\/uploads\/2020\/07\/fotoe-2-e1596244750226.jpeg 465w, https:\/\/diarioregionaldigital.com.br\/wp-content\/uploads\/2020\/07\/fotoe-2-e1596244750226-300x229.jpeg 300w, https:\/\/diarioregionaldigital.com.br\/wp-content\/uploads\/2020\/07\/fotoe-2-e1596244750226-360x275.jpeg 360w\" sizes=\"auto, (max-width: 680px) 100vw, 680px\" \/><p id=\"caption-attachment-165819\" class=\"wp-caption-text\">A diva Sandra Portella antes da pandemia com Oswaldo Braga e Marco Trajano<\/p><\/div>\n<div id=\"attachment_165820\" style=\"width: 690px\" class=\"wp-caption aligncenter\"><img loading=\"lazy\" decoding=\"async\" aria-describedby=\"caption-attachment-165820\" class=\"wp-image-165820\" src=\"https:\/\/diarioregionaldigital.com.br\/wp-content\/uploads\/2020\/07\/fotof-20-e1596244834825.jpg\" alt=\"\" width=\"680\" height=\"489\" srcset=\"https:\/\/diarioregionaldigital.com.br\/wp-content\/uploads\/2020\/07\/fotof-20-e1596244834825.jpg 1036w, https:\/\/diarioregionaldigital.com.br\/wp-content\/uploads\/2020\/07\/fotof-20-e1596244834825-300x216.jpg 300w, https:\/\/diarioregionaldigital.com.br\/wp-content\/uploads\/2020\/07\/fotof-20-e1596244834825-1024x736.jpg 1024w, https:\/\/diarioregionaldigital.com.br\/wp-content\/uploads\/2020\/07\/fotof-20-e1596244834825-768x552.jpg 768w, https:\/\/diarioregionaldigital.com.br\/wp-content\/uploads\/2020\/07\/fotof-20-e1596244834825-360x259.jpg 360w\" sizes=\"auto, (max-width: 680px) 100vw, 680px\" \/><p id=\"caption-attachment-165820\" class=\"wp-caption-text\">O pr\u00edncipe desta coluna, o fot\u00f3grafo Igor Oliveira<\/p><\/div>\n<div id=\"attachment_165821\" style=\"width: 690px\" class=\"wp-caption aligncenter\"><img loading=\"lazy\" decoding=\"async\" aria-describedby=\"caption-attachment-165821\" class=\"wp-image-165821\" src=\"https:\/\/diarioregionaldigital.com.br\/wp-content\/uploads\/2020\/07\/fotog-19-e1596244880256.jpg\" alt=\"\" width=\"680\" height=\"526\" srcset=\"https:\/\/diarioregionaldigital.com.br\/wp-content\/uploads\/2020\/07\/fotog-19-e1596244880256.jpg 527w, https:\/\/diarioregionaldigital.com.br\/wp-content\/uploads\/2020\/07\/fotog-19-e1596244880256-300x232.jpg 300w, https:\/\/diarioregionaldigital.com.br\/wp-content\/uploads\/2020\/07\/fotog-19-e1596244880256-360x279.jpg 360w\" sizes=\"auto, (max-width: 680px) 100vw, 680px\" \/><p id=\"caption-attachment-165821\" class=\"wp-caption-text\">O ator e produtor Jos\u00e9 Del Duca, sucesso na terra global carioca<\/p><\/div>\n<div id=\"attachment_165822\" style=\"width: 690px\" class=\"wp-caption aligncenter\"><img loading=\"lazy\" decoding=\"async\" aria-describedby=\"caption-attachment-165822\" class=\"wp-image-165822\" src=\"https:\/\/diarioregionaldigital.com.br\/wp-content\/uploads\/2020\/07\/fotoh-20-e1596244910832.jpg\" alt=\"\" width=\"680\" height=\"462\" srcset=\"https:\/\/diarioregionaldigital.com.br\/wp-content\/uploads\/2020\/07\/fotoh-20-e1596244910832.jpg 944w, https:\/\/diarioregionaldigital.com.br\/wp-content\/uploads\/2020\/07\/fotoh-20-e1596244910832-300x204.jpg 300w, https:\/\/diarioregionaldigital.com.br\/wp-content\/uploads\/2020\/07\/fotoh-20-e1596244910832-768x521.jpg 768w, https:\/\/diarioregionaldigital.com.br\/wp-content\/uploads\/2020\/07\/fotoh-20-e1596244910832-360x244.jpg 360w\" sizes=\"auto, (max-width: 680px) 100vw, 680px\" \/><p id=\"caption-attachment-165822\" class=\"wp-caption-text\">No Museu Mariano Proc\u00f3pio, o modelo bonit\u00e3o Alex Almeida<\/p><\/div>\n<div id=\"attachment_165836\" style=\"width: 690px\" class=\"wp-caption aligncenter\"><img loading=\"lazy\" decoding=\"async\" aria-describedby=\"caption-attachment-165836\" class=\"wp-image-165836\" src=\"https:\/\/diarioregionaldigital.com.br\/wp-content\/uploads\/2020\/07\/fotoaa-5-e1596245545888.jpg\" alt=\"\" width=\"680\" height=\"503\" srcset=\"https:\/\/diarioregionaldigital.com.br\/wp-content\/uploads\/2020\/07\/fotoaa-5-e1596245545888.jpg 1179w, https:\/\/diarioregionaldigital.com.br\/wp-content\/uploads\/2020\/07\/fotoaa-5-e1596245545888-300x222.jpg 300w, https:\/\/diarioregionaldigital.com.br\/wp-content\/uploads\/2020\/07\/fotoaa-5-e1596245545888-1024x757.jpg 1024w, https:\/\/diarioregionaldigital.com.br\/wp-content\/uploads\/2020\/07\/fotoaa-5-e1596245545888-768x568.jpg 768w, https:\/\/diarioregionaldigital.com.br\/wp-content\/uploads\/2020\/07\/fotoaa-5-e1596245545888-360x266.jpg 360w\" sizes=\"auto, (max-width: 680px) 100vw, 680px\" \/><p id=\"caption-attachment-165836\" class=\"wp-caption-text\">O conceituado odont\u00f3logo Mauro Cruz aniversaria na segunda-feira (3) e comemora com as lindas Keler Cruz e Victoria Cruz<\/p><\/div>\n<div id=\"attachment_165823\" style=\"width: 690px\" class=\"wp-caption aligncenter\"><img loading=\"lazy\" decoding=\"async\" aria-describedby=\"caption-attachment-165823\" class=\"wp-image-165823\" src=\"https:\/\/diarioregionaldigital.com.br\/wp-content\/uploads\/2020\/07\/fotoi-7-e1596244952578.jpg\" alt=\"\" width=\"680\" height=\"450\" srcset=\"https:\/\/diarioregionaldigital.com.br\/wp-content\/uploads\/2020\/07\/fotoi-7-e1596244952578.jpg 762w, https:\/\/diarioregionaldigital.com.br\/wp-content\/uploads\/2020\/07\/fotoi-7-e1596244952578-300x198.jpg 300w, https:\/\/diarioregionaldigital.com.br\/wp-content\/uploads\/2020\/07\/fotoi-7-e1596244952578-360x238.jpg 360w\" sizes=\"auto, (max-width: 680px) 100vw, 680px\" \/><p id=\"caption-attachment-165823\" class=\"wp-caption-text\">Antes da pandemia, a cantora Monique Leit\u00e3o em total relax<\/p><\/div>\n<div id=\"attachment_165818\" style=\"width: 690px\" class=\"wp-caption aligncenter\"><img loading=\"lazy\" decoding=\"async\" aria-describedby=\"caption-attachment-165818\" class=\"wp-image-165818\" src=\"https:\/\/diarioregionaldigital.com.br\/wp-content\/uploads\/2020\/07\/fotod-18-e1596244722688.jpg\" alt=\"\" width=\"680\" height=\"476\" srcset=\"https:\/\/diarioregionaldigital.com.br\/wp-content\/uploads\/2020\/07\/fotod-18-e1596244722688.jpg 1393w, https:\/\/diarioregionaldigital.com.br\/wp-content\/uploads\/2020\/07\/fotod-18-e1596244722688-300x210.jpg 300w, https:\/\/diarioregionaldigital.com.br\/wp-content\/uploads\/2020\/07\/fotod-18-e1596244722688-1024x717.jpg 1024w, https:\/\/diarioregionaldigital.com.br\/wp-content\/uploads\/2020\/07\/fotod-18-e1596244722688-768x538.jpg 768w, https:\/\/diarioregionaldigital.com.br\/wp-content\/uploads\/2020\/07\/fotod-18-e1596244722688-360x252.jpg 360w, https:\/\/diarioregionaldigital.com.br\/wp-content\/uploads\/2020\/07\/fotod-18-e1596244722688-100x70.jpg 100w\" sizes=\"auto, (max-width: 680px) 100vw, 680px\" \/><p id=\"caption-attachment-165818\" class=\"wp-caption-text\">No Cruzeiro do Sul fazendo social Carlos Sacchi, Marcio Marques Ricardo Alex e Wesley Monteiro<\/p><\/div>\n<p style=\"text-align: center;\"><strong>FOTOSS\u00cdNTESE<\/strong><\/p>\n<p>Fazendo muito sucesso as m\u00e1scaras confeccionadas por Regina Seroa. Agradecemos o mimo.<\/p>\n<p>Correiro Elegante: Abra\u00e7os virtuais carinhosos para Cristina Dutra, Aloysio Fellet, Jansen Narciso, Ma\u00edra Delgado, Rodrigo Cal\u00edchio, Rosinei Pinto, Ramon David, Antenor Salzer Rodrigues, Gl\u00e1ucia Policeni, Zez\u00e9 do Pandeiro, Nelson Dias, Dad\u00e1 Loyola, Meire Milhomens e Knorr, Nicole Le\u00e3o, Jonas Bonsanto, Maria Helena Reis e Thenner Freitas.<\/p>\n<p>Origin\u00e1ria da Mata Atl\u00e2ntica 436 esp\u00e9cie de \u00e1rvores, arbustos, ervas e outros tipos de flora, enfeitam o Jardim Bot\u00e2nico da UFJF. Os dados s\u00e3o de artigo publicado na revista cient\u00edfica \u201cRodrigu\u00e9sia\u201d, do Instituto de Pesquisas do Jardim Bot\u00e2nico do Rio.<\/p>\n<p>Em boa hora a revitaliza\u00e7\u00e3o da Escola Pr\u00f3-M\u00fasica recebeu nova pintura e mudou de cor em sua fachada. O espa\u00e7o na Av.Rio Branco j\u00e1 abrigou a Faculdade de Filosofia e Letras (Fafile) da UFJF.<\/p>\n<p>O advogado Val\u00e9rio Ribeiro fez bonito. Liderou os integrantes do Grupo Ribeir\u00e3o da Mata e da Academia Rio Branco arrecadando em campanha solid\u00e1ria mais de tr\u00eas toneladas de alimentos num total de 260 cestas b\u00e1sicas em prol de entidades filantr\u00f3picas.<\/p>\n<p>Com muito dinamismo o diretor comercial log\u00edstica e marketing do Grupo Bahamas Rodrigo Zata recebe muitos elogios na reestrutura\u00e7\u00e3o que implantou na empresa. Nota dez.<\/p>\n<p>Perguntinha que n\u00e3o ofende: ser\u00e1 que os pequenos empreendedores afetados pela Covid-19 ter\u00e3o cr\u00e9dito? Pelo andar da carruagem nada \u00e9 certo.<\/p>\n<p>Protocolo: Quando se est\u00e1 sozinho \u00e9 que faz mais sentido fazer algo coletivo. Permitir a conex\u00e3o uns com os outros faz surgir relacionamentos sadios. Bom dia.<\/p>\n<p><img loading=\"lazy\" decoding=\"async\" class=\"aligncenter size-full wp-image-165837\" src=\"https:\/\/diarioregionaldigital.com.br\/wp-content\/uploads\/2020\/07\/anuncio81-1-scaled.jpg\" alt=\"\" width=\"2560\" height=\"971\" srcset=\"https:\/\/diarioregionaldigital.com.br\/wp-content\/uploads\/2020\/07\/anuncio81-1-scaled.jpg 2560w, https:\/\/diarioregionaldigital.com.br\/wp-content\/uploads\/2020\/07\/anuncio81-1-300x114.jpg 300w, https:\/\/diarioregionaldigital.com.br\/wp-content\/uploads\/2020\/07\/anuncio81-1-1024x388.jpg 1024w, https:\/\/diarioregionaldigital.com.br\/wp-content\/uploads\/2020\/07\/anuncio81-1-768x291.jpg 768w, https:\/\/diarioregionaldigital.com.br\/wp-content\/uploads\/2020\/07\/anuncio81-1-1536x583.jpg 1536w, https:\/\/diarioregionaldigital.com.br\/wp-content\/uploads\/2020\/07\/anuncio81-1-2048x777.jpg 2048w, https:\/\/diarioregionaldigital.com.br\/wp-content\/uploads\/2020\/07\/anuncio81-1-360x137.jpg 360w\" sizes=\"auto, (max-width: 2560px) 100vw, 2560px\" \/><\/p>\n","protected":false},"excerpt":{"rendered":"<p>Tend\u00eancia p\u00f3s-pandemia A Mostra Morar Mais Por menos envia convite e , est\u00e1 prevista para outubro no Itanhang\u00e1 (Rio). Tema que ir\u00e1 guiar o d\u00e9cor dos 59 ambientes da feira ser\u00e1 o t\u00e3o falado novo normal. A recep\u00e7\u00e3o ter\u00e1 uma estrutura de seguran\u00e7a, com tons de prata que impede a prolifera\u00e7\u00e3o de microrganismos. Novos tempos. [&hellip;]<\/p>\n","protected":false},"author":96,"featured_media":165815,"comment_status":"closed","ping_status":"closed","sticky":false,"template":"","format":"standard","meta":{"footnotes":""},"categories":[264],"tags":[],"class_list":["post-165901","post","type-post","status-publish","format-standard","has-post-thumbnail","hentry","category-eduardo-gomes"],"_links":{"self":[{"href":"https:\/\/diarioregionaldigital.com.br\/index.php?rest_route=\/wp\/v2\/posts\/165901","targetHints":{"allow":["GET"]}}],"collection":[{"href":"https:\/\/diarioregionaldigital.com.br\/index.php?rest_route=\/wp\/v2\/posts"}],"about":[{"href":"https:\/\/diarioregionaldigital.com.br\/index.php?rest_route=\/wp\/v2\/types\/post"}],"author":[{"embeddable":true,"href":"https:\/\/diarioregionaldigital.com.br\/index.php?rest_route=\/wp\/v2\/users\/96"}],"replies":[{"embeddable":true,"href":"https:\/\/diarioregionaldigital.com.br\/index.php?rest_route=%2Fwp%2Fv2%2Fcomments&post=165901"}],"version-history":[{"count":0,"href":"https:\/\/diarioregionaldigital.com.br\/index.php?rest_route=\/wp\/v2\/posts\/165901\/revisions"}],"wp:featuredmedia":[{"embeddable":true,"href":"https:\/\/diarioregionaldigital.com.br\/index.php?rest_route=\/wp\/v2\/media\/165815"}],"wp:attachment":[{"href":"https:\/\/diarioregionaldigital.com.br\/index.php?rest_route=%2Fwp%2Fv2%2Fmedia&parent=165901"}],"wp:term":[{"taxonomy":"category","embeddable":true,"href":"https:\/\/diarioregionaldigital.com.br\/index.php?rest_route=%2Fwp%2Fv2%2Fcategories&post=165901"},{"taxonomy":"post_tag","embeddable":true,"href":"https:\/\/diarioregionaldigital.com.br\/index.php?rest_route=%2Fwp%2Fv2%2Ftags&post=165901"}],"curies":[{"name":"wp","href":"https:\/\/api.w.org\/{rel}","templated":true}]}}