{"id":165895,"date":"2020-08-03T16:37:44","date_gmt":"2020-08-03T19:37:44","guid":{"rendered":"https:\/\/diarioregionaldigital.com.br\/?p=165895"},"modified":"2020-08-03T16:37:44","modified_gmt":"2020-08-03T19:37:44","slug":"dois-postos-de-combustivel-sao-assaltados-pelo-mesmo-suspeito-na-regiao-norte","status":"publish","type":"post","link":"https:\/\/diarioregionaldigital.com.br\/?p=165895","title":{"rendered":"Dois postos de combust\u00edvel s\u00e3o assaltados pelo mesmo suspeito na Regi\u00e3o Norte"},"content":{"rendered":"<p><span style=\"font-weight: 400;\">Na madrugada dessa segunda-feira (3), um suspeito com posse de faca, assaltou dois postos de combust\u00edvel em sequ\u00eancia na Regi\u00e3o Norte de Juiz de Fora. O primeiro caso ocorreu na Avenida Juscelino Kubitschek, no Bairro Nova Era, onde o frentista de 28 anos, relatou \u00e0 Pol\u00edcia Militar (PM), que o indiv\u00edduo estava com posse de faca e trajava bon\u00e9 branco, jaqueta preta de marca esportiva. O autor se aproximou anunciando o roubo e levou a quantia de R$166,00 do caixa do estabelecimento e fugiu a p\u00e9 em dire\u00e7\u00e3o ao Bairro Benfica.<\/span><\/p>\n<p><span style=\"font-weight: 400;\">O segundo caso ocorreu no Km 774 da BR-040 no Distrito Industrial, cerca de 20 minutos ap\u00f3s o assalto em Nova Era. Segundo relatos da v\u00edtima de 37 anos, o autor apresentava as mesmas caracter\u00edsticas descritas pelo frentista de Nova Era. O suspeito chegou no local e com posse de faca, anunciou o roubo. Instantes depois, o mesmo levou a quantia de R$174,00 e fugiu em dire\u00e7\u00e3o ao Bairro Barreira do Triunfo. A PM foi acionada e ao acessar as imagens das c\u00e2meras de seguran\u00e7a, observou as caracter\u00edsticas do infrator, no entanto o mesmo n\u00e3o foi localizado.<\/span><\/p>\n","protected":false},"excerpt":{"rendered":"<p>Na madrugada dessa segunda-feira (3), um suspeito com posse de faca, assaltou dois postos de combust\u00edvel em sequ\u00eancia na Regi\u00e3o Norte de Juiz de Fora. O primeiro caso ocorreu na Avenida Juscelino Kubitschek, no Bairro Nova Era, onde o frentista de 28 anos, relatou \u00e0 Pol\u00edcia Militar (PM), que o indiv\u00edduo estava com posse de [&hellip;]<\/p>\n","protected":false},"author":96,"featured_media":165308,"comment_status":"closed","ping_status":"closed","sticky":false,"template":"","format":"standard","meta":{"footnotes":""},"categories":[301,436,439],"tags":[],"class_list":["post-165895","post","type-post","status-publish","format-standard","has-post-thumbnail","hentry","category-artigos-policiais","category-destaque-da-semana","category-ultima-hora"],"_links":{"self":[{"href":"https:\/\/diarioregionaldigital.com.br\/index.php?rest_route=\/wp\/v2\/posts\/165895","targetHints":{"allow":["GET"]}}],"collection":[{"href":"https:\/\/diarioregionaldigital.com.br\/index.php?rest_route=\/wp\/v2\/posts"}],"about":[{"href":"https:\/\/diarioregionaldigital.com.br\/index.php?rest_route=\/wp\/v2\/types\/post"}],"author":[{"embeddable":true,"href":"https:\/\/diarioregionaldigital.com.br\/index.php?rest_route=\/wp\/v2\/users\/96"}],"replies":[{"embeddable":true,"href":"https:\/\/diarioregionaldigital.com.br\/index.php?rest_route=%2Fwp%2Fv2%2Fcomments&post=165895"}],"version-history":[{"count":0,"href":"https:\/\/diarioregionaldigital.com.br\/index.php?rest_route=\/wp\/v2\/posts\/165895\/revisions"}],"wp:featuredmedia":[{"embeddable":true,"href":"https:\/\/diarioregionaldigital.com.br\/index.php?rest_route=\/wp\/v2\/media\/165308"}],"wp:attachment":[{"href":"https:\/\/diarioregionaldigital.com.br\/index.php?rest_route=%2Fwp%2Fv2%2Fmedia&parent=165895"}],"wp:term":[{"taxonomy":"category","embeddable":true,"href":"https:\/\/diarioregionaldigital.com.br\/index.php?rest_route=%2Fwp%2Fv2%2Fcategories&post=165895"},{"taxonomy":"post_tag","embeddable":true,"href":"https:\/\/diarioregionaldigital.com.br\/index.php?rest_route=%2Fwp%2Fv2%2Ftags&post=165895"}],"curies":[{"name":"wp","href":"https:\/\/api.w.org\/{rel}","templated":true}]}}