{"id":165892,"date":"2020-08-03T16:20:26","date_gmt":"2020-08-03T19:20:26","guid":{"rendered":"https:\/\/diarioregionaldigital.com.br\/?p=165892"},"modified":"2020-08-03T16:20:26","modified_gmt":"2020-08-03T19:20:26","slug":"tombense-e-atletico-mg-abrem-vantagem-pela-semifinal-do-campeonato-mineiro","status":"publish","type":"post","link":"https:\/\/diarioregionaldigital.com.br\/?p=165892","title":{"rendered":"Tombense e Atl\u00e9tico-MG abrem vantagem pela semifinal do Campeonato Mineiro"},"content":{"rendered":"<p><span style=\"font-weight: 400;\">Em jogos v\u00e1lidos pela semifinal do Campeonato Mineiro 2020, as equipes do Tombense e Atl\u00e9tico-MG, venceram seus jogos no domingo (2) e abriram vantagem, na disputa por vaga na final do estadual.\u00a0<\/span><\/p>\n<p><span style=\"font-weight: 400;\">A primeira partida do dia foi disputada entre Caldense x Tombense na parte da manh\u00e3, na Arena Independ\u00eancia em Belo Horizonte. O alviverde come\u00e7ou o jogo a todo vapor e quase abriu o placar no primeiro minuto de jogo com Jo\u00e3o Pedro, ao aproveitar uma bobeada da zaga mas errou o chute. <\/span><span style=\"font-weight: 400;\">A Veterana ainda teve chance no come\u00e7o em bola parada cobrada por Mensal\u00e3o, mas a defesa do Tombense conseguiu tirar.\u00a0<\/span><\/p>\n<p><span style=\"font-weight: 400;\">\u00a0Instantes depois, foi a vez do Tombense tomar conta da partida e criou boas chances de abrir o placar. Tanto que aos 15 minutos da etapa inicial, o lateral-esquerdo Jo\u00e3o Paulo cobrou a falta com perfei\u00e7\u00e3o e abriu o placar para o Tombense. Ap\u00f3s o gol, o time visitante esteve perto de ampliar o marcador mas n\u00e3o aproveitou as chances.<\/span><\/p>\n<p><span style=\"font-weight: 400;\">Na volta para o segundo tempo, a Caldense voltou melhor e assustou o advers\u00e1rio logo no in\u00edcio. Apesar de criar as melhores chances, o alviverde ofereceu pouco per\u00edodo. A melhor oportunidade de empatar a partida foi nos p\u00e9s de <\/span><span style=\"font-weight: 400;\">Ka\u00edque Maciel aos 14 minutos, que recebeu dentro da \u00e1rea e tentou o chute, que foi abafado pela defesa do Tombense e saiu pela linha de fundo. Ap\u00f3s este lance, o time de Tombos criou duas chances seguidas de perigo: uma com Marquinhos, que aos 16 minutos chutou para fora, e outra com Maycon, que, cara a cara com Alyson, foi abafado pelo goleiro.\u00a0<\/span><\/p>\n<p><span style=\"font-weight: 400;\">Ap\u00f3s os dois lances de perigo, a Caldense optou em ficar com a posse de bola e trocar passes, mas n\u00e3o surtiu efeito e o jogo terminou em 1&#215;0 para o Tombense, que pode empatar ou perder por um gol de diferen\u00e7a para chegar \u00e0 final. O jogo da volta entre as duas equipes ser\u00e1 nesta quarta-feira (5) \u00e0s 16h na Arena Independ\u00eancia.<\/span><\/p>\n<p><b>Cl\u00e1ssico em BH<\/b><\/p>\n<p><span style=\"font-weight: 400;\">A outra semifinal foi o cl\u00e1ssico da capital entre Atl\u00e9tico-MG x Am\u00e9rica-MG, no Est\u00e1dio do Mineir\u00e3o. A partida come\u00e7ou bem movimentada, com o alvinegro tendo a posse de bola, mas com dificuldades de infiltrar na defesa do Am\u00e9rica. O Galo da Capital abriu o placar ap\u00f3s cobran\u00e7a de falta pela direita, sa\u00edda errada de Airton e cabe\u00e7ada de Jair. Mesmo com desvantagem no marcador, o Am\u00e9rica quase empatou o jogo <\/span><span style=\"font-weight: 400;\">com Ademir e Messias. <\/span><span style=\"font-weight: 400;\">Aos 40 minutos da etapa inicial, o Atl\u00e9tico fez o segundo gol com Nathan, ap\u00f3s erro de Ademir, arrancada de Arana e passe de Marrony.\u00a0<\/span><\/p>\n<p><span style=\"font-weight: 400;\">Na volta para o segundo tempo, o t\u00e9cnico Lisca fez mudan\u00e7as no Am\u00e9rica e logo aos quatro minutos, Ademir diminuiu o placar ap\u00f3s linda escapada de Jo\u00e3o Paulo. Dois minutos depois o time visitante quase empatou a partida com Ademir. O Atl\u00e9tico ainda marcou o terceiro gol com Marrony, mas foi anulado ap\u00f3s o \u00e1rbitro de v\u00eddeo (VAR) identificar posi\u00e7\u00e3o de impedimento na jogada. Ap\u00f3s o lance, o pr\u00f3prio Marrony teve mais uma oportunidade de ampliar o marcador mas sem sucesso. Do outro lado, Matheusinho e Jo\u00e3o Paulo foram os respons\u00e1veis pelos maiores sustos em Rafael, mas nada de gol.<\/span><\/p>\n<p><span style=\"font-weight: 400;\">Com a vit\u00f3ria por 2&#215;1, o Atl\u00e9tico joga por um empate para avan\u00e7ar \u00e0 grande decis\u00e3o. Por ter feito a primeira fase com melhor campanha, o Am\u00e9rica precisa de uma vit\u00f3ria simples para ir \u00e0 decis\u00e3o. O segundo jogo entre as duas equipes ser\u00e1 nesta quarta-feira (5), \u00e0s 21h30 na Arena Independ\u00eancia.<\/span><\/p>\n","protected":false},"excerpt":{"rendered":"<p>Em jogos v\u00e1lidos pela semifinal do Campeonato Mineiro 2020, as equipes do Tombense e Atl\u00e9tico-MG, venceram seus jogos no domingo (2) e abriram vantagem, na disputa por vaga na final do estadual.\u00a0 A primeira partida do dia foi disputada entre Caldense x Tombense na parte da manh\u00e3, na Arena Independ\u00eancia em Belo Horizonte. O alviverde [&hellip;]<\/p>\n","protected":false},"author":96,"featured_media":165893,"comment_status":"closed","ping_status":"closed","sticky":false,"template":"","format":"standard","meta":{"footnotes":""},"categories":[436,257,439],"tags":[],"class_list":["post-165892","post","type-post","status-publish","format-standard","has-post-thumbnail","hentry","category-destaque-da-semana","category-esporte","category-ultima-hora"],"_links":{"self":[{"href":"https:\/\/diarioregionaldigital.com.br\/index.php?rest_route=\/wp\/v2\/posts\/165892","targetHints":{"allow":["GET"]}}],"collection":[{"href":"https:\/\/diarioregionaldigital.com.br\/index.php?rest_route=\/wp\/v2\/posts"}],"about":[{"href":"https:\/\/diarioregionaldigital.com.br\/index.php?rest_route=\/wp\/v2\/types\/post"}],"author":[{"embeddable":true,"href":"https:\/\/diarioregionaldigital.com.br\/index.php?rest_route=\/wp\/v2\/users\/96"}],"replies":[{"embeddable":true,"href":"https:\/\/diarioregionaldigital.com.br\/index.php?rest_route=%2Fwp%2Fv2%2Fcomments&post=165892"}],"version-history":[{"count":0,"href":"https:\/\/diarioregionaldigital.com.br\/index.php?rest_route=\/wp\/v2\/posts\/165892\/revisions"}],"wp:featuredmedia":[{"embeddable":true,"href":"https:\/\/diarioregionaldigital.com.br\/index.php?rest_route=\/wp\/v2\/media\/165893"}],"wp:attachment":[{"href":"https:\/\/diarioregionaldigital.com.br\/index.php?rest_route=%2Fwp%2Fv2%2Fmedia&parent=165892"}],"wp:term":[{"taxonomy":"category","embeddable":true,"href":"https:\/\/diarioregionaldigital.com.br\/index.php?rest_route=%2Fwp%2Fv2%2Fcategories&post=165892"},{"taxonomy":"post_tag","embeddable":true,"href":"https:\/\/diarioregionaldigital.com.br\/index.php?rest_route=%2Fwp%2Fv2%2Ftags&post=165892"}],"curies":[{"name":"wp","href":"https:\/\/api.w.org\/{rel}","templated":true}]}}