{"id":165886,"date":"2020-08-03T15:32:40","date_gmt":"2020-08-03T18:32:40","guid":{"rendered":"https:\/\/diarioregionaldigital.com.br\/?p=165886"},"modified":"2020-08-03T15:32:40","modified_gmt":"2020-08-03T18:32:40","slug":"domenec-torrent-e-apresentado-pelo-flamengo","status":"publish","type":"post","link":"https:\/\/diarioregionaldigital.com.br\/?p=165886","title":{"rendered":"Dom\u00e8nec Torrent \u00e9 apresentado pelo Flamengo"},"content":{"rendered":"<p><span style=\"font-weight: 400;\">Ap\u00f3s ser confirmado como novo treinador do Flamengo, o catal\u00e3o Dom\u00e8nec Torrent desembarcou nesta segunda-feira (3) no Aeroporto do Gale\u00e3o no Rio de Janeiro e foi apresentado pela diretoria rubro-negra, no CT Ninho do Urubu. Logo ap\u00f3s a apresenta\u00e7\u00e3o, Torrent j\u00e1 comandar\u00e1 seu primeiro treino com o elenco, na tarde de hoje. O\u00a0v\u00ednculo vai at\u00e9 o fim do mandato de Rodolfo Landim, em dezembro de 2021. Torrent e toda sua comiss\u00e3o t\u00e9cnica receber\u00e3o 2,25 milh\u00f5es de euros (cerca de R$ 13,7 milh\u00f5es).\u00a0<\/span><\/p>\n<p><span style=\"font-weight: 400;\">Dom\u00e8nec j\u00e1 trabalhou como auxiliar do t\u00e9cnico Pep Guardiola, hoje no Manchester City da Inglaterra. Ap\u00f3s encerrar a parceria, Torrent comandou o New York City da Major League Soccer (MLS em ingl\u00eas) dos EUA, entre 2018 e 2019. Seu trabalho pelo Flamengo ser\u00e1 o seu segundo como t\u00e9cnico de futebol.<\/span><\/p>\n<p><span style=\"font-weight: 400;\">Ao chegar no Brasil, o treinador concedeu uma breve entrevista e falou sobre a expectativa em comandar o Flamengo e tamb\u00e9m sobre os objetivos a serem alcan\u00e7ados:<\/span><\/p>\n<p><span style=\"font-weight: 400;\">\u201cNo Flamengo, a gente tem que ganhar, ganhar e ganhar.Estou muito feliz por fazer parte desse grande clube, dessa grande na\u00e7\u00e3o. Acho que estou pronto para tentar ganhar t\u00edtulos com essa grande torcida\u201d.<\/span><\/p>\n<p><span style=\"font-weight: 400;\">Al\u00e9m disso, o comandante falou sobre dar sequ\u00eancia ao trabalho do portugu\u00eas Jorge Jesus, que rescindiu com o Flamengo e acertou com o Benfica de Portugal. Para Dom\u00e8nec, o importante \u00e9 respeitar o trabalho feito pelo portugu\u00eas no rubro-negro:<\/span><\/p>\n<p><span style=\"font-weight: 400;\">\u201cO mais importante agora \u00e9 respeitar o trabalho do Jorge Jesus porque \u00e9 um time ganhador. E a\u00ed, pouco a pouco, vou mudar um pouco as coisas. Mas a inten\u00e7\u00e3o \u00e9 ficar no Brasil muitos anos. Quando estou feliz no clube, e o clube est\u00e1 feliz comigo, quero ficar quatro, cinco anos&#8230; Quero poder dizer que ganhamos e que o clube est\u00e1 muito feliz comigo\u201d<\/span><\/p>\n<p><span style=\"font-weight: 400;\">Durante a apresenta\u00e7\u00e3o, o presidente Rodolfo Landim, avaliou a contrata\u00e7\u00e3o do novo treinador e que a escolha por Torrent foi prioridade para a diretoria rubro-negra:<\/span><\/p>\n<p><span style=\"font-weight: 400;\">\u201cEstamos todos muito felizes e estamos satisfeitos com esse processo. Foi um trabalho que teve in\u00edcio com o nosso grupo de scout na busca pela manuten\u00e7\u00e3o do futebol ofensivo e agressivo. O nome do Dome sempre esteve presente. Quer\u00edamos algu\u00e9m com uma hist\u00f3ria vencedora. Estamos muito feliz por contar com ele pelos pr\u00f3ximos 18 meses\u201d.<\/span><\/p>\n","protected":false},"excerpt":{"rendered":"<p>Ap\u00f3s ser confirmado como novo treinador do Flamengo, o catal\u00e3o Dom\u00e8nec Torrent desembarcou nesta segunda-feira (3) no Aeroporto do Gale\u00e3o no Rio de Janeiro e foi apresentado pela diretoria rubro-negra, no CT Ninho do Urubu. Logo ap\u00f3s a apresenta\u00e7\u00e3o, Torrent j\u00e1 comandar\u00e1 seu primeiro treino com o elenco, na tarde de hoje. O\u00a0v\u00ednculo vai at\u00e9 [&hellip;]<\/p>\n","protected":false},"author":96,"featured_media":165887,"comment_status":"closed","ping_status":"closed","sticky":false,"template":"","format":"standard","meta":{"footnotes":""},"categories":[436,257,439],"tags":[],"class_list":["post-165886","post","type-post","status-publish","format-standard","has-post-thumbnail","hentry","category-destaque-da-semana","category-esporte","category-ultima-hora"],"_links":{"self":[{"href":"https:\/\/diarioregionaldigital.com.br\/index.php?rest_route=\/wp\/v2\/posts\/165886","targetHints":{"allow":["GET"]}}],"collection":[{"href":"https:\/\/diarioregionaldigital.com.br\/index.php?rest_route=\/wp\/v2\/posts"}],"about":[{"href":"https:\/\/diarioregionaldigital.com.br\/index.php?rest_route=\/wp\/v2\/types\/post"}],"author":[{"embeddable":true,"href":"https:\/\/diarioregionaldigital.com.br\/index.php?rest_route=\/wp\/v2\/users\/96"}],"replies":[{"embeddable":true,"href":"https:\/\/diarioregionaldigital.com.br\/index.php?rest_route=%2Fwp%2Fv2%2Fcomments&post=165886"}],"version-history":[{"count":0,"href":"https:\/\/diarioregionaldigital.com.br\/index.php?rest_route=\/wp\/v2\/posts\/165886\/revisions"}],"wp:featuredmedia":[{"embeddable":true,"href":"https:\/\/diarioregionaldigital.com.br\/index.php?rest_route=\/wp\/v2\/media\/165887"}],"wp:attachment":[{"href":"https:\/\/diarioregionaldigital.com.br\/index.php?rest_route=%2Fwp%2Fv2%2Fmedia&parent=165886"}],"wp:term":[{"taxonomy":"category","embeddable":true,"href":"https:\/\/diarioregionaldigital.com.br\/index.php?rest_route=%2Fwp%2Fv2%2Fcategories&post=165886"},{"taxonomy":"post_tag","embeddable":true,"href":"https:\/\/diarioregionaldigital.com.br\/index.php?rest_route=%2Fwp%2Fv2%2Ftags&post=165886"}],"curies":[{"name":"wp","href":"https:\/\/api.w.org\/{rel}","templated":true}]}}