{"id":165883,"date":"2020-08-03T15:09:49","date_gmt":"2020-08-03T18:09:49","guid":{"rendered":"https:\/\/diarioregionaldigital.com.br\/?p=165883"},"modified":"2020-08-03T15:09:49","modified_gmt":"2020-08-03T18:09:49","slug":"tatiana-weston-webb-treina-em-piscina-de-ondas-ja-de-olho-em-toquio","status":"publish","type":"post","link":"https:\/\/diarioregionaldigital.com.br\/?p=165883","title":{"rendered":"Tatiana Weston-Webb treina em piscina de ondas j\u00e1 de olho em T\u00f3quio"},"content":{"rendered":"<p><span style=\"font-weight: 400;\">Classificada para a estreia do surf nos Jogos Ol\u00edmpicos de T\u00f3quio e com chances reais de medalha, a brasileira Tatiana Weston-Webb far\u00e1 um treino especial nesta ter\u00e7a e quarta-feira (dias 4 e 5), na piscina de ondas BSR Surf Resort, em Waco, Texas, Estados Unidos. Ela ter\u00e1 sess\u00f5es individuais, visando treinamentos espec\u00edficos em a\u00e9reos, manobra que a atleta quer se aperfei\u00e7oar.<\/span><\/p>\n<p><span style=\"font-weight: 400;\">A prepara\u00e7\u00e3o \u00e9 uma a\u00e7\u00e3o conjunta do Comit\u00ea Ol\u00edmpicos do Brasil (COB) e da Confedera\u00e7\u00e3o Brasileira de Surf (CBSurf), visando os Jogos de T\u00f3quio, em julho de 2021. Ainda este m\u00eas, no pr\u00f3ximo dia 9, Tati volta a competir depois de meses sem disputas devido \u00e0 quarentena do coronav\u00edrus. Ela estar\u00e1 entre os 16 surfistas escalados para o \u2018Michelob Ultra Pure Gold Rumble at the Ranch\u2019, evento da World Surf League (WSL) na piscina de ondas criada pelo \u00edcone Kelly Slater, o Surf Ranch, em Leemore, tamb\u00e9m nos Estados Unidos. Os atletas atuar\u00e3o em duplas mistas, com transmiss\u00e3o ao vivo pela internet, e a premia\u00e7\u00e3o destinada \u00e0 caridade.<\/span><\/p>\n<p><span style=\"font-weight: 400;\">Para Tati, que j\u00e1 teve oportunidade de surfar em Waco, a prepara\u00e7\u00e3o no Texas \u00e9 importante, porque essa piscina \u00e9 reconhecida como um local adequado para o treinamento de manobras a\u00e9reas, pelas caracter\u00edsticas de sua onda artificial. A ideia \u00e9 repetir a manobra para corre\u00e7\u00f5es e aperfei\u00e7oamento da t\u00e9cnica, atrav\u00e9s da videoan\u00e1lise.<\/span><\/p>\n<p><span style=\"font-weight: 400;\">Como mora no Hava\u00ed, com ondas mais poderosas, ela sabe que precisa se preparar com manobras que podem ser usadas em Tsurigasaki Beach, sede das disputas do surf nos Jogos Ol\u00edmpicos de T\u00f3quio. \u201cEu e minha equipe j\u00e1 estamos nos preparando para os pr\u00f3ximos desafios, sobretudo os Jogos Ol\u00edmpicos. Tra\u00e7amos um plano e estamos descobrindo onde posso evoluir\u201d, ressalta Tati.<\/span><\/p>\n<p><span style=\"font-weight: 400;\">Ela tamb\u00e9m destaca que o treino ser\u00e1 bom para chegar no Surf Ranch num ritmo mais forte. \u201cEstava com saudades de competir\u201d, diz Tati revelando o orgulho e satisfa\u00e7\u00e3o de ser uma das representantes do Brasil na primeira edi\u00e7\u00e3o do surf nos Jogos Ol\u00edmpicos. \u201cSempre sonhei com os Jogos Ol\u00edmpicos e agora que o surf est\u00e1 inclu\u00eddo, virou realidade e n\u00e3o vejo a hora de estar l\u00e1 competindo\u201d.<\/span><\/p>\n<p><span style=\"font-weight: 400;\">\u201cQuero muito ganhar uma medalha, \u00e9 um t\u00edtulo de muito prest\u00edgio. Uma medalha ol\u00edmpica \u00e9 algo fora do normal\u201d, refor\u00e7a a surfista, que apesar de morar no Hava\u00ed, nasceu no Rio Grande do Sul e mant\u00e9m as origens brasileiras. \u201cMesmo na quarentena n\u00e3o parei de treinar, de surfar, e estou trabalhando forte, pensando muito em T\u00f3quio\u201d, anuncia Tatiana.<\/span><\/p>\n<p><span style=\"font-weight: 400;\">Na prepara\u00e7\u00e3o, ela tamb\u00e9m conta com o apoio do COB, de forma remota, inclusive com exerc\u00edcios de fisioterapia, no alinhamento feito com meta nos Jogos. \u201c\u00c9 super importante esse apoio na vida de um atleta. Sinto que querem o melhor poss\u00edvel para mim e para todos, vejo que acreditam muito no nosso potencial\u201d, fala.<\/span><\/p>\n<p><span style=\"font-weight: 400;\">Al\u00e9m dos treinos, Tati aproveitou a pausa for\u00e7ada da quarentena para outra miss\u00e3o importante em sua vida, ao lado do noivo, o brasileiro Jess\u00e9 Mendes. \u201cRelaxei e curti o momento de planejar o meu casamento. Nunca ficamos tanto tempo num lugar s\u00f3. Muito legal ter uma vida de quase casados\u201d, completa.<\/span><\/p>\n<p><span style=\"font-weight: 400;\">As disputas do surf nos Jogos Ol\u00edmpicos de T\u00f3quio est\u00e3o marcadas para os dias 25 a 28 de julho. Ser\u00e3o 40 atletas, 20 no masculino e 20 no feminino, com o Brasil competindo com for\u00e7a m\u00e1xima. Tati ter\u00e1 a companhia de Silvana Lima, Gabriel Medina e Italo Ferreira.<\/span><\/p>\n<p><strong>Fonte:<\/strong> COB<\/p>\n","protected":false},"excerpt":{"rendered":"<p>Classificada para a estreia do surf nos Jogos Ol\u00edmpicos de T\u00f3quio e com chances reais de medalha, a brasileira Tatiana Weston-Webb far\u00e1 um treino especial nesta ter\u00e7a e quarta-feira (dias 4 e 5), na piscina de ondas BSR Surf Resort, em Waco, Texas, Estados Unidos. Ela ter\u00e1 sess\u00f5es individuais, visando treinamentos espec\u00edficos em a\u00e9reos, manobra [&hellip;]<\/p>\n","protected":false},"author":96,"featured_media":165884,"comment_status":"closed","ping_status":"closed","sticky":false,"template":"","format":"standard","meta":{"footnotes":""},"categories":[436,257,439],"tags":[],"class_list":["post-165883","post","type-post","status-publish","format-standard","has-post-thumbnail","hentry","category-destaque-da-semana","category-esporte","category-ultima-hora"],"_links":{"self":[{"href":"https:\/\/diarioregionaldigital.com.br\/index.php?rest_route=\/wp\/v2\/posts\/165883","targetHints":{"allow":["GET"]}}],"collection":[{"href":"https:\/\/diarioregionaldigital.com.br\/index.php?rest_route=\/wp\/v2\/posts"}],"about":[{"href":"https:\/\/diarioregionaldigital.com.br\/index.php?rest_route=\/wp\/v2\/types\/post"}],"author":[{"embeddable":true,"href":"https:\/\/diarioregionaldigital.com.br\/index.php?rest_route=\/wp\/v2\/users\/96"}],"replies":[{"embeddable":true,"href":"https:\/\/diarioregionaldigital.com.br\/index.php?rest_route=%2Fwp%2Fv2%2Fcomments&post=165883"}],"version-history":[{"count":0,"href":"https:\/\/diarioregionaldigital.com.br\/index.php?rest_route=\/wp\/v2\/posts\/165883\/revisions"}],"wp:featuredmedia":[{"embeddable":true,"href":"https:\/\/diarioregionaldigital.com.br\/index.php?rest_route=\/wp\/v2\/media\/165884"}],"wp:attachment":[{"href":"https:\/\/diarioregionaldigital.com.br\/index.php?rest_route=%2Fwp%2Fv2%2Fmedia&parent=165883"}],"wp:term":[{"taxonomy":"category","embeddable":true,"href":"https:\/\/diarioregionaldigital.com.br\/index.php?rest_route=%2Fwp%2Fv2%2Fcategories&post=165883"},{"taxonomy":"post_tag","embeddable":true,"href":"https:\/\/diarioregionaldigital.com.br\/index.php?rest_route=%2Fwp%2Fv2%2Ftags&post=165883"}],"curies":[{"name":"wp","href":"https:\/\/api.w.org\/{rel}","templated":true}]}}